{"id":99205,"date":"2026-04-30T18:33:12","date_gmt":"2026-04-30T16:33:12","guid":{"rendered":"https:\/\/lladogrup.com\/?p=99205"},"modified":"2026-04-30T18:33:12","modified_gmt":"2026-04-30T16:33:12","slug":"sanciones-por-no-dipositar-cuentas-anuales","status":"publish","type":"post","link":"https:\/\/lladogrup.com\/es\/sanciones-por-no-dipositar-cuentas-anuales\/","title":{"rendered":"Sanciones por no depositar las Cuentas Anuales: Evita riesgos innecesarios"},"content":{"rendered":"<div class=\"wpb-content-wrapper\"><p>[vc_row css=\u00bb.vc_custom_1631109896967{padding-bottom: 20px !important;}\u00bb][vc_column][vc_column_text css=\u00bb\u00bb]<\/p>\n<p style=\"text-align: justify;\"><b>Las empresas anualmente tienen el deber de presentar sus resultados financieros, a trav\u00e9s de las Cuentas Anuales. Sin embargo, lo que muchos administradores desconocen es que el Instituto de Contabilidad y Auditor\u00eda de Cuentas (ICAC) ha intensificado la vigilancia y el cobro de multas por el incumplimiento de este tr\u00e1mite.<\/b><\/p>\n<p style=\"text-align: justify;\"><span style=\"font-weight: 400;\">La presentaci\u00f3n de las cuentas anuales no solo es un requisito legal. Tambi\u00e9n es indispensable para mantener la transparencia y la confianza de los terceros interesados en la buena marcha de la empresa, como pueden ser proveedores o entidades financieras.<\/span><\/p>\n<p>[\/vc_column_text][\/vc_column][\/vc_row][vc_row css=\u00bb.vc_custom_1631109896967{padding-bottom: 20px !important;}\u00bb][vc_column][vc_btn title=\u00bbAsesoramiento fiscal\u00bb shape=\u00bbround\u00bb color=\u00bbdanger\u00bb size=\u00bblg\u00bb align=\u00bbcenter\u00bb i_icon_fontawesome=\u00bbfa fa-solid fa-computer-mouse\u00bb css=\u00bb.vc_custom_1777566317514{margin-bottom: 40px !important;padding-top: 20px !important;}\u00bb add_icon=\u00bbtrue\u00bb link=\u00bburl:https%3A%2F%2Flladogrup.com%2Fes%2Fasesoria%2Fasesoria-fiscal-y-contable-para-empresas%2F|target:_blank\u00bb][\/vc_column][\/vc_row][vc_row css=\u00bb.vc_custom_1631109361052{padding-bottom: 20px !important;}\u00bb][vc_column]<div id=\"ultimate-heading-122469f3a46210c2d\" class=\"uvc-heading ult-adjust-bottom-margin ultimate-heading-122469f3a46210c2d uvc-2708 \" data-hspacer=\"no_spacer\"  data-halign=\"left\" style=\"text-align:left\"><div class=\"uvc-heading-spacer no_spacer\" style=\"top\"><\/div><div class=\"uvc-main-heading ult-responsive\"  data-ultimate-target='.uvc-heading.ultimate-heading-122469f3a46210c2d h2'  data-responsive-json-new='{\"font-size\":\"desktop:24px;\",\"line-height\":\"\"}' ><h2 style=\"font-weight:bold;color:#fe5d3a;margin-bottom:20px;\">\u00bfQui\u00e9n tiene la obligaci\u00f3n de presentar las Cuentas Anuales?<\/h2><\/div><\/div>[vc_column_text css=\u00bb\u00bb]<\/p>\n<p style=\"text-align: justify;\"><span style=\"font-weight: 400;\">De acuerdo con el C\u00f3digo de Comercio y la Ley de Sociedades de Capital, la <\/span><b>obligaci\u00f3n de formular y presentar las cuentas anuales<\/b><span style=\"font-weight: 400;\"> recae principalmente sobre las <\/span><b>sociedades mercantiles<\/b><span style=\"font-weight: 400;\">. Os detallamos qui\u00e9nes son los sujetos obligados y qui\u00e9n es el responsable \u00faltimo del proceso:<\/span><\/p>\n<p style=\"text-align: justify;\"><b>Entidades obligadas por ley<\/b><\/p>\n<p style=\"text-align: justify;\"><span style=\"font-weight: 400;\">La gran mayor\u00eda de las personas jur\u00eddicas con fines lucrativos deben realizar este tr\u00e1mite ante el Registro Mercantil de su domicilio social:<\/span><\/p>\n<ul>\n<li style=\"font-weight: 400; text-align: justify;\" aria-level=\"1\"><b>Sociedades de capital<\/b><span style=\"font-weight: 400;\">: Sociedades An\u00f3nimas (SA), Sociedades de Responsabilidad Limitada (SRL\/SL) y Sociedades Comanditarias por acciones.<\/span><\/li>\n<li style=\"font-weight: 400; text-align: justify;\" aria-level=\"1\"><b>Sociedades extranjeras<\/b><span style=\"font-weight: 400;\">: Aquellas que tengan sucursales en Espa\u00f1a.<\/span><\/li>\n<li style=\"font-weight: 400; text-align: justify;\" aria-level=\"1\"><b>Fondos de pensiones y de inversi\u00f3n<\/b><span style=\"font-weight: 400;\">.<\/span><\/li>\n<li style=\"font-weight: 400; text-align: justify;\" aria-level=\"1\"><b>Otras entidades<\/b><span style=\"font-weight: 400;\">: Cooperativas, mutuas de seguros y, en ciertos casos, sociedades colectivas o comanditarias simples si todos los socios colectivos son sociedades.<\/span><\/li>\n<\/ul>\n<p>[\/vc_column_text][\/vc_column][\/vc_row][vc_row css=\u00bb.vc_custom_1631109361052{padding-bottom: 20px !important;}\u00bb][vc_column]<div id=\"ultimate-heading-578269f3a46210cd8\" class=\"uvc-heading ult-adjust-bottom-margin ultimate-heading-578269f3a46210cd8 uvc-2402 \" data-hspacer=\"no_spacer\"  data-halign=\"left\" style=\"text-align:left\"><div class=\"uvc-heading-spacer no_spacer\" style=\"top\"><\/div><div class=\"uvc-main-heading ult-responsive\"  data-ultimate-target='.uvc-heading.ultimate-heading-578269f3a46210cd8 h2'  data-responsive-json-new='{\"font-size\":\"desktop:24px;\",\"line-height\":\"\"}' ><h2 style=\"font-weight:bold;color:#fe5d3a;margin-bottom:20px;\">Responsabilidad del administrador en la presentaci\u00f3n de las Cuentas Anuales<\/h2><\/div><\/div>[vc_column_text css=\u00bb\u00bb]<\/p>\n<p style=\"text-align: justify;\"><span style=\"font-weight: 400;\">Aunque la obligaci\u00f3n es de la \u00abempresa\u00bb como entidad, la <\/span><b>responsabilidad legal<\/b><span style=\"font-weight: 400;\"> de que esto ocurra es de los <\/span><b>Administradores o del Consejo de Administraci\u00f3n<\/b><span style=\"font-weight: 400;\">.<\/span><\/p>\n<p style=\"text-align: justify;\"><span style=\"font-weight: 400;\">La <\/span><b>no presentaci\u00f3n de las cuentas anuales <\/b><span style=\"font-weight: 400;\">supone que el administrador no ha actuado con la debida diligencia de un ordenado empresario seg\u00fan lo establecido en el <\/span><a href=\"http:\/\/boe.es\/buscar\/act.php?id=BOE-A-2010-10544\" target=\"_blank\" rel=\"noopener\"><span style=\"font-weight: 400;\">art\u00edculo 225 LSC<\/span><\/a><span style=\"font-weight: 400;\">.<\/span><\/p>\n<ul>\n<li style=\"font-weight: 400; text-align: justify;\" aria-level=\"1\"><b>Plazos<\/b><span style=\"font-weight: 400;\">: Tienen un plazo de 3 meses desde el cierre del ejercicio social para redactar las cuentas.<\/span><\/li>\n<li style=\"font-weight: 400; text-align: justify;\" aria-level=\"1\"><b>Firma<\/b><span style=\"font-weight: 400;\">: Todos los administradores deben firmar los documentos. Si falta una firma, debe indicarse la causa expresamente.<\/span><\/li>\n<li style=\"font-weight: 400; text-align: justify;\" aria-level=\"1\"><b>Presentaci\u00f3n<\/b><span style=\"font-weight: 400;\">: Deben asegurar que, una vez aprobadas por la Junta General, se presenten en el Registro dentro del mes siguiente a dicha aprobaci\u00f3n.<\/span><\/li>\n<\/ul>\n<p>[\/vc_column_text][\/vc_column][\/vc_row][vc_row][vc_column width=\u00bb2\/3&#8243;][vc_single_image image=\u00bb99209&#8243; img_size=\u00bbfull\u00bb css=\u00bb\u00bb][\/vc_column][vc_column width=\u00bb1\/3&#8243;]<div id=\"ultimate-heading-351369f3a46210d72\" class=\"uvc-heading ult-adjust-bottom-margin ultimate-heading-351369f3a46210d72 uvc-5302  uvc-heading-default-font-sizes\" data-hspacer=\"no_spacer\"  data-halign=\"center\" style=\"text-align:center\"><div class=\"uvc-heading-spacer no_spacer\" style=\"top\"><\/div><div class=\"uvc-main-heading ult-responsive\"  data-ultimate-target='.uvc-heading.ultimate-heading-351369f3a46210d72 h3'  data-responsive-json-new='{\"font-size\":\"\",\"line-height\":\"\"}' ><h3 style=\"font-weight:bold;color:#fe5d3a;\">Subscr\u00edbete a nuestra newsletter<\/h3><\/div><\/div>\n<div class=\"wpcf7 no-js\" id=\"wpcf7-f87567-o1\" lang=\"ca\" dir=\"ltr\" data-wpcf7-id=\"87567\">\n<div class=\"screen-reader-response\"><p role=\"status\" aria-live=\"polite\" aria-atomic=\"true\"><\/p> <ul><\/ul><\/div>\n<form action=\"\/es\/wp-json\/wp\/v2\/posts\/99205#wpcf7-f87567-o1\" method=\"post\" class=\"wpcf7-form init 98099fcddabd cmatic-conn cmatic-aud-0 cmatic-mapd0-0 cmatic-v0978 cmatic-sent-0 cmatic-total-529\" aria-label=\"Formulari de contacte\" novalidate=\"novalidate\" data-status=\"init\">\n<fieldset class=\"hidden-fields-container\"><input type=\"hidden\" name=\"_wpcf7\" value=\"87567\" \/><input type=\"hidden\" name=\"_wpcf7_version\" value=\"6.1.5\" \/><input type=\"hidden\" name=\"_wpcf7_locale\" value=\"ca\" \/><input type=\"hidden\" name=\"_wpcf7_unit_tag\" value=\"wpcf7-f87567-o1\" \/><input type=\"hidden\" name=\"_wpcf7_container_post\" value=\"0\" \/><input type=\"hidden\" name=\"_wpcf7_posted_data_hash\" value=\"\" \/><input type=\"hidden\" name=\"_wpcf7_recaptcha_response\" value=\"\" \/>\n<\/fieldset>\n<p><label> El nombre*<br \/>\n<span class=\"wpcf7-form-control-wrap\" data-name=\"your-name\"><input size=\"40\" maxlength=\"400\" class=\"wpcf7-form-control wpcf7-text wpcf7-validates-as-required\" aria-required=\"true\" aria-invalid=\"false\" value=\"Escribe tu nombre\" type=\"text\" name=\"your-name\" \/><\/span> <\/label>\n<\/p>\n<p><label> El correo electr\u00f3nico*<br \/>\n<span class=\"wpcf7-form-control-wrap\" data-name=\"your-email\"><input size=\"40\" maxlength=\"400\" class=\"wpcf7-form-control wpcf7-email wpcf7-validates-as-required wpcf7-text wpcf7-validates-as-email\" aria-required=\"true\" aria-invalid=\"false\" value=\"Tu correo\" type=\"email\" name=\"your-email\" \/><\/span> <\/label>\n<\/p>\n<p><span class=\"wpcf7-form-control-wrap\" data-name=\"acceptance-133\"><span class=\"wpcf7-form-control wpcf7-acceptance\"><span class=\"wpcf7-list-item\"><input type=\"checkbox\" name=\"acceptance-133\" value=\"1\" aria-invalid=\"false\" \/><\/span><\/span><\/span> Acepto la <a href=\"https:\/\/lladogrup.com\/es\/politica-de-privacidad\/\">Pol\u00edtica de Privacidad<\/a>\n<\/p>\n<p><span class=\"wpcf7-form-control-wrap\" data-name=\"acceptance-476\"><span class=\"wpcf7-form-control wpcf7-acceptance optional\"><span class=\"wpcf7-list-item\"><input type=\"checkbox\" name=\"acceptance-476\" value=\"1\" aria-invalid=\"false\" \/><\/span><\/span><\/span> Acepto recibir comunicaciones informativas y promocionales de Llad\u00f3 Grup Consultor.\n<\/p>\n<p><span style=\"margin-top: 10px;\"><\/span>\n<\/p>\n<p><span style=\"margin-bottom: 10px;\"><\/span>\n<\/p>\n<p><input class=\"wpcf7-form-control wpcf7-submit has-spinner\" type=\"submit\" value=\"Enviar\" \/>\n<\/p><p style=\"display: none !important;\" class=\"akismet-fields-container\" data-prefix=\"_wpcf7_ak_\"><label>&#916;<textarea name=\"_wpcf7_ak_hp_textarea\" cols=\"45\" rows=\"8\" maxlength=\"100\"><\/textarea><\/label><input type=\"hidden\" id=\"ak_js_1\" name=\"_wpcf7_ak_js\" value=\"135\"\/><script>document.getElementById( \"ak_js_1\" ).setAttribute( \"value\", ( new Date() ).getTime() );<\/script><\/p><div class=\"wpcf7-response-output\" aria-hidden=\"true\"><\/div>\n<\/form>\n<\/div>\n[\/vc_column][\/vc_row][vc_row css=\u00bb.vc_custom_1631109361052{padding-bottom: 20px !important;}\u00bb][vc_column]<div id=\"ultimate-heading-584669f3a46218ed6\" class=\"uvc-heading ult-adjust-bottom-margin ultimate-heading-584669f3a46218ed6 uvc-9956 \" data-hspacer=\"no_spacer\"  data-halign=\"left\" style=\"text-align:left\"><div class=\"uvc-heading-spacer no_spacer\" style=\"top\"><\/div><div class=\"uvc-main-heading ult-responsive\"  data-ultimate-target='.uvc-heading.ultimate-heading-584669f3a46218ed6 h2'  data-responsive-json-new='{\"font-size\":\"desktop:24px;\",\"line-height\":\"\"}' ><h2 style=\"font-weight:bold;color:#fe5d3a;margin-bottom:20px;\">\u00bfQui\u00e9nes no tienen la obligaci\u00f3n de presentar las Cuentas Anuales?<\/h2><\/div><\/div>[vc_column_text css=\u00bb\u00bb]<\/p>\n<ul>\n<li style=\"font-weight: 400; text-align: justify;\" aria-level=\"1\"><b>Aut\u00f3nomos (Personas f\u00edsicas)<\/b><span style=\"font-weight: 400;\">: No est\u00e1n obligados a depositar cuentas en el Registro Mercantil, aunque deben llevar su contabilidad de acuerdo con el C\u00f3digo de Comercio para efectos fiscales.<\/span><\/li>\n<li style=\"font-weight: 400; text-align: justify;\" aria-level=\"1\"><b>Sociedades Civiles<\/b><span style=\"font-weight: 400;\">: Por lo general, no tienen esta obligaci\u00f3n a menos que realicen actividades mercantiles y decidan inscribirse, aunque su r\u00e9gimen sigue siendo distinto al de las SL o SA.<\/span><\/li>\n<\/ul>\n<p>[\/vc_column_text][\/vc_column][\/vc_row][vc_row css=\u00bb.vc_custom_1631109361052{padding-bottom: 20px !important;}\u00bb][vc_column]<div id=\"ultimate-heading-813469f3a46218f64\" class=\"uvc-heading ult-adjust-bottom-margin ultimate-heading-813469f3a46218f64 uvc-8282 \" data-hspacer=\"no_spacer\"  data-halign=\"left\" style=\"text-align:left\"><div class=\"uvc-heading-spacer no_spacer\" style=\"top\"><\/div><div class=\"uvc-main-heading ult-responsive\"  data-ultimate-target='.uvc-heading.ultimate-heading-813469f3a46218f64 h2'  data-responsive-json-new='{\"font-size\":\"desktop:24px;\",\"line-height\":\"\"}' ><h2 style=\"font-weight:bold;color:#fe5d3a;margin-bottom:20px;\">Sanciones econ\u00f3micas por no presentar las Cuentas Anuales<\/h2><\/div><\/div>[vc_column_text css=\u00bb\u00bb]<\/p>\n<p style=\"text-align: justify;\"><b>No depositar las cuentas anuales en el Registro Mercantil <\/b><span style=\"font-weight: 400;\">no es un olvido menor. Las <\/span><b>sanciones econ\u00f3micas <\/b><span style=\"font-weight: 400;\">est\u00e1n reguladas por la Ley de Sociedades de Capital y se calculan seg\u00fan el tama\u00f1o de la empresa.<\/span><\/p>\n<p style=\"text-align: justify;\"><span style=\"font-weight: 400;\">Las <\/span><b>sanciones por no presentar las cuentas anuales pueden oscilar entre los 1.200 y los 60.000 euros<\/b><span style=\"font-weight: 400;\">. No obstante, si la sociedad o grupo de sociedades tiene un volumen de <\/span><b>facturaci\u00f3n anual superior a 6.000.000 de euros<\/b><span style=\"font-weight: 400;\">, el l\u00edmite de la multa para cada a\u00f1o de retraso se puede elevar a <\/span><b>300.000 euros<\/b><span style=\"font-weight: 400;\">.<\/span><\/p>\n<p style=\"text-align: justify;\"><span style=\"font-weight: 400;\">Los <\/span><b>criterios para determinar el importe de la sanci\u00f3n<\/b><span style=\"font-weight: 400;\">, de conformidad con los l\u00edmites establecidos en el art\u00edculo 283 del texto refundido de la Ley de Sociedades de Capital, aprobado por <\/span><a href=\"http:\/\/boe.es\/buscar\/act.php?id=BOE-A-2010-10544\" target=\"_blank\" rel=\"noopener\"><span style=\"font-weight: 400;\">Real Decreto Legislativo 1\/2010, de 2 de julio<\/span><\/a><span style=\"font-weight: 400;\">, ser\u00e1n los siguientes:<\/span><\/p>\n<ul style=\"text-align: justify;\">\n<li style=\"font-weight: 400;\" aria-level=\"1\"><span style=\"font-weight: 400;\">La <\/span><b>sanci\u00f3n ser\u00e1 del 0,5 por mil del importe total de las partidas de activo, m\u00e1s el 0,5 por mil de la cifra de ventas de la entidad incluida en la \u00faltima declaraci\u00f3n<\/b><span style=\"font-weight: 400;\"> presentada ante la Administraci\u00f3n Tributaria. El original deber\u00e1 aportarse en la tramitaci\u00f3n del procedimiento.<\/span><\/li>\n<li style=\"font-weight: 400;\" aria-level=\"1\"><span style=\"font-weight: 400;\">En caso de <\/span><b>no aportar la declaraci\u00f3n tributaria<\/b><span style=\"font-weight: 400;\"> citada anteriormente, la sanci\u00f3n se establecer\u00e1 en el <\/span><b>2% del capital social <\/b><span style=\"font-weight: 400;\">seg\u00fan los datos obrantes en el Registro Mercantil.<\/span><\/li>\n<li style=\"font-weight: 400;\" aria-level=\"1\"><span style=\"font-weight: 400;\">En caso de que se <\/span><b>aporte la declaraci\u00f3n tributaria<\/b><span style=\"font-weight: 400;\">, y el resultado de aplicar los mencionados porcentajes a la suma de las partidas del activo y ventas fuera mayor que el 2% del capital social, se cuantificar\u00e1 la sanci\u00f3n en este \u00faltimo <\/span><b>reducido en un 10 por ciento<\/b><span style=\"font-weight: 400;\">.<\/span><\/li>\n<\/ul>\n<p style=\"text-align: justify;\"><span style=\"font-weight: 400;\">Si las <\/span><b>cuentas se depositan con anterioridad al inicio del procedimiento sancionador,<\/b><span style=\"font-weight: 400;\"> la <\/span><b>sanci\u00f3n se impondr\u00e1 en su grado m\u00ednimo y reducida en un 50%<\/b><span style=\"font-weight: 400;\">.<\/span><\/p>\n<p>[\/vc_column_text][\/vc_column][\/vc_row][vc_row full_width=\u00bbstretch_row\u00bb bg_type=\u00bbimage\u00bb bg_override=\u00bbfull\u00bb css=\u00bb.vc_custom_1704903641721{margin-bottom: 30px !important;background-color: #fff2ed !important;}\u00bb][vc_column][vc_row_inner css=\u00bb.vc_custom_1704899436080{margin-bottom: 30px !important;}\u00bb][vc_column_inner css=\u00bb.vc_custom_1704899344593{padding-right: 25px !important;padding-left: 30px !important;}\u00bb][vc_column_text css=\u00bb\u00bb]<\/p>\n<h3 class=\"form-control second-textarea\" style=\"text-align: center;\"><strong>\u00bfTienes dudas sobre la presentaci\u00f3n de las Cuentas Anuales?<\/strong><\/h3>\n<p>[\/vc_column_text][vc_column_text][\/vc_column_text]\n<div class=\"wpcf7 no-js\" id=\"wpcf7-f4-o2\" lang=\"es-ES\" dir=\"ltr\" data-wpcf7-id=\"4\">\n<div class=\"screen-reader-response\"><p role=\"status\" aria-live=\"polite\" aria-atomic=\"true\"><\/p> <ul><\/ul><\/div>\n<form action=\"\/es\/wp-json\/wp\/v2\/posts\/99205#wpcf7-f4-o2\" method=\"post\" class=\"wpcf7-form init 98099fcddabd cmatic-conn cmatic-aud-0 cmatic-mapd0-0 cmatic-v0978 cmatic-sent-0 cmatic-total-529\" aria-label=\"Formulario de contacto\" novalidate=\"novalidate\" data-status=\"init\">\n<fieldset class=\"hidden-fields-container\"><input type=\"hidden\" name=\"_wpcf7\" value=\"4\" \/><input type=\"hidden\" name=\"_wpcf7_version\" value=\"6.1.5\" \/><input type=\"hidden\" name=\"_wpcf7_locale\" value=\"es_ES\" \/><input type=\"hidden\" name=\"_wpcf7_unit_tag\" value=\"wpcf7-f4-o2\" \/><input type=\"hidden\" name=\"_wpcf7_container_post\" value=\"0\" \/><input type=\"hidden\" name=\"_wpcf7_posted_data_hash\" value=\"\" \/><input type=\"hidden\" name=\"_wpcf7_recaptcha_response\" value=\"\" \/>\n<\/fieldset>\n<p><label>Nombre*<br \/>\n<span class=\"wpcf7-form-control-wrap\" data-name=\"your-name\"><input size=\"40\" maxlength=\"400\" class=\"wpcf7-form-control wpcf7-text wpcf7-validates-as-required\" aria-required=\"true\" aria-invalid=\"false\" placeholder=\"Escribe tu nombre y apellidos\" value=\"\" type=\"text\" name=\"your-name\" \/><\/span><\/label>\n<\/p>\n<p><label>Email*<br \/>\n<span class=\"wpcf7-form-control-wrap\" data-name=\"your-email\"><input size=\"40\" maxlength=\"400\" class=\"wpcf7-form-control wpcf7-email wpcf7-validates-as-required wpcf7-text wpcf7-validates-as-email\" aria-required=\"true\" aria-invalid=\"false\" placeholder=\"Tu correo electr\u00f3nico\" value=\"\" type=\"email\" name=\"your-email\" \/><\/span><\/label>\n<\/p>\n<p><label>Tel\u00e9fono*<br \/>\n<span class=\"wpcf7-form-control-wrap\" data-name=\"llado-tel\"><input size=\"40\" maxlength=\"400\" class=\"wpcf7-form-control wpcf7-tel wpcf7-validates-as-required wpcf7-text wpcf7-validates-as-tel\" aria-required=\"true\" aria-invalid=\"false\" placeholder=\"Tu Tel\u00e9fono\" value=\"\" type=\"tel\" name=\"llado-tel\" \/><\/span><\/label>\n<\/p>\n<p><label>Mensaje<br \/>\n<span class=\"wpcf7-form-control-wrap\" data-name=\"llado-mensaje\"><textarea cols=\"40\" rows=\"5\" maxlength=\"2000\" class=\"wpcf7-form-control wpcf7-textarea wpcf7-validates-as-required\" aria-required=\"true\" aria-invalid=\"false\" placeholder=\"Motivo de la consulta\" name=\"llado-mensaje\"><\/textarea><\/span><\/label>\n<\/p>\n<p><span class=\"wpcf7-form-control-wrap\" data-name=\"acceptance-272\"><span class=\"wpcf7-form-control wpcf7-acceptance\"><span class=\"wpcf7-list-item\"><input type=\"checkbox\" name=\"acceptance-272\" value=\"1\" aria-invalid=\"false\" \/><\/span><\/span><\/span> He le\u00eddo y acepto la <a href=\"https:\/\/lladogrup.com\/es\/politica-de-privacidad\/\">Pol\u00edtica de Privacidad<\/a>\n<\/p>\n<p><span class=\"wpcf7-form-control-wrap\" data-name=\"acceptance-423\"><span class=\"wpcf7-form-control wpcf7-acceptance optional\"><span class=\"wpcf7-list-item\"><input type=\"checkbox\" name=\"acceptance-423\" value=\"1\" aria-invalid=\"false\" \/><\/span><\/span><\/span> Acepto recibir informaci\u00f3n sobre las actividades, servicios y productos de Llad\u00f3 Grup Consultor.\n<\/p>\n<p><span style=\"margin-top: 10px;\"><\/span>\n<\/p>\n\n<p><span style=\"margin-bottom: 10px;\"><\/span>\n<\/p>\n<p><input class=\"wpcf7-form-control wpcf7-submit has-spinner\" type=\"submit\" value=\"Enviar\" \/>\n<\/p><p style=\"display: none !important;\" class=\"akismet-fields-container\" data-prefix=\"_wpcf7_ak_\"><label>&#916;<textarea name=\"_wpcf7_ak_hp_textarea\" cols=\"45\" rows=\"8\" maxlength=\"100\"><\/textarea><\/label><input type=\"hidden\" id=\"ak_js_2\" name=\"_wpcf7_ak_js\" value=\"178\"\/><script>document.getElementById( \"ak_js_2\" ).setAttribute( \"value\", ( new Date() ).getTime() );<\/script><\/p><div class=\"wpcf7-response-output\" aria-hidden=\"true\"><\/div>\n<\/form>\n<\/div>\n[\/vc_column_inner][\/vc_row_inner][\/vc_column][\/vc_row][vc_row css=\u00bb.vc_custom_1631109361052{padding-bottom: 20px !important;}\u00bb][vc_column]<div id=\"ultimate-heading-209969f3a4621a011\" class=\"uvc-heading ult-adjust-bottom-margin ultimate-heading-209969f3a4621a011 uvc-6419 \" data-hspacer=\"no_spacer\"  data-halign=\"left\" style=\"text-align:left\"><div class=\"uvc-heading-spacer no_spacer\" style=\"top\"><\/div><div class=\"uvc-main-heading ult-responsive\"  data-ultimate-target='.uvc-heading.ultimate-heading-209969f3a4621a011 h2'  data-responsive-json-new='{\"font-size\":\"desktop:24px;\",\"line-height\":\"\"}' ><h2 style=\"font-weight:bold;color:#fe5d3a;margin-bottom:20px;\">C\u00f3mo puede ayudarte el equipo de Llad\u00f3 Grup Consultor<\/h2><\/div><\/div>[vc_column_text css=\u00bb\u00bb]<\/p>\n<p style=\"text-align: justify;\"><b>Mantener la transparencia financiera no solo evita sanciones<\/b><span style=\"font-weight: 400;\">, sino que protege tu cr\u00e9dito bancario y la imagen ante proveedores. Desde<\/span><b> Llad\u00f3 Grup Consultor<\/b><span style=\"font-weight: 400;\">, nos encargamos de que tu empresa <\/span><b>cumpla con los plazos legales<\/b><span style=\"font-weight: 400;\"> desde un asesoramiento, gesti\u00f3n y presentaci\u00f3n de las cuentas anuales para que la empresa cumpla correctamente con las <\/span><b>obligaciones tributarias<\/b><span style=\"font-weight: 400;\">.\u00a0<\/span><\/p>\n<p>[\/vc_column_text][\/vc_column][\/vc_row]<\/p>\n<\/div>","protected":false},"excerpt":{"rendered":"<p>[vc_row css=\u00bb.vc_custom_1631109896967{padding-bottom: 20px !important;}\u00bb][vc_column][vc_column_text css=\u00bb\u00bb] Las empresas anualmente tienen el deber de presentar sus resultados financieros, a trav\u00e9s de las Cuentas Anuales. Sin embargo, lo que muchos administradores desconocen es que el Instituto de Contabilidad y Auditor\u00eda de Cuentas (ICAC) ha intensificado la vigilancia y el cobro de multas por el incumplimiento de este tr\u00e1mite.&hellip;<\/p>\n","protected":false},"author":2,"featured_media":99211,"comment_status":"closed","ping_status":"closed","sticky":false,"template":"","format":"standard","meta":{"_joinchat":[],"footnotes":""},"categories":[614,613,622,615,616,2195,617,2255],"tags":[],"class_list":["post-99205","post","type-post","status-publish","format-standard","has-post-thumbnail","hentry","category-autonomos","category-clientes","category-fiscal-es","category-gran-empresa-es","category-particulares","category-patrimonial-es","category-pymes","category-renda-es","category-614","category-613","category-622","category-615","category-616","category-2195","category-617","category-2255","description-off"],"yoast_head":"<!-- This site is optimized with the Yoast SEO plugin v27.3 - https:\/\/yoast.com\/product\/yoast-seo-wordpress\/ -->\n<title>Sanciones por no depositar las Cuentas Anuales -Llad\u00f3 Grup-<\/title>\n<meta name=\"description\" content=\"\u00bfTienes dudas sobre si la empresa tiene que presentar las Cuentas Anuales? Aseg\u00farate de cumplir las obligaciones tributarias. \u00a1Cons\u00faltanos!\" \/>\n<meta name=\"robots\" content=\"index, follow, max-snippet:-1, max-image-preview:large, max-video-preview:-1\" \/>\n<link rel=\"canonical\" href=\"https:\/\/lladogrup.com\/es\/sanciones-por-no-dipositar-cuentas-anuales\/\" \/>\n<meta property=\"og:locale\" content=\"es_ES\" \/>\n<meta property=\"og:type\" content=\"article\" \/>\n<meta property=\"og:title\" content=\"Sanciones por no depositar las Cuentas Anuales -Llad\u00f3 Grup-\" \/>\n<meta property=\"og:description\" content=\"\u00bfTienes dudas sobre si la empresa tiene que presentar las Cuentas Anuales? Aseg\u00farate de cumplir las obligaciones tributarias. \u00a1Cons\u00faltanos!\" \/>\n<meta property=\"og:url\" content=\"https:\/\/lladogrup.com\/es\/sanciones-por-no-dipositar-cuentas-anuales\/\" \/>\n<meta property=\"og:site_name\" content=\"Llad\u00f3 Grup\" \/>\n<meta property=\"article:published_time\" content=\"2026-04-30T16:33:12+00:00\" \/>\n<meta property=\"og:image\" content=\"https:\/\/lladogrup.com\/wp-content\/uploads\/2026\/04\/20260429-Sancions_Ctes.Anuals-520x272-1.jpg\" \/>\n\t<meta property=\"og:image:width\" content=\"520\" \/>\n\t<meta property=\"og:image:height\" content=\"272\" \/>\n\t<meta property=\"og:image:type\" content=\"image\/jpeg\" \/>\n<meta name=\"author\" content=\"LladogrupSB\" \/>\n<meta name=\"twitter:card\" content=\"summary_large_image\" \/>\n<meta name=\"twitter:label1\" content=\"Escrito por\" \/>\n\t<meta name=\"twitter:data1\" content=\"LladogrupSB\" \/>\n\t<meta name=\"twitter:label2\" content=\"Tiempo de lectura\" \/>\n\t<meta name=\"twitter:data2\" content=\"6 minutos\" \/>\n<script type=\"application\/ld+json\" class=\"yoast-schema-graph\">{\"@context\":\"https:\\\/\\\/schema.org\",\"@graph\":[{\"@type\":\"Article\",\"@id\":\"https:\\\/\\\/lladogrup.com\\\/es\\\/sanciones-por-no-dipositar-cuentas-anuales\\\/#article\",\"isPartOf\":{\"@id\":\"https:\\\/\\\/lladogrup.com\\\/es\\\/sanciones-por-no-dipositar-cuentas-anuales\\\/\"},\"author\":{\"name\":\"LladogrupSB\",\"@id\":\"https:\\\/\\\/lladogrup.com\\\/#\\\/schema\\\/person\\\/fae891704510562cc35f2a910871bb7a\"},\"headline\":\"Sanciones por no depositar las Cuentas Anuales: Evita riesgos innecesarios\",\"datePublished\":\"2026-04-30T16:33:12+00:00\",\"mainEntityOfPage\":{\"@id\":\"https:\\\/\\\/lladogrup.com\\\/es\\\/sanciones-por-no-dipositar-cuentas-anuales\\\/\"},\"wordCount\":1304,\"image\":{\"@id\":\"https:\\\/\\\/lladogrup.com\\\/es\\\/sanciones-por-no-dipositar-cuentas-anuales\\\/#primaryimage\"},\"thumbnailUrl\":\"https:\\\/\\\/lladogrup.com\\\/wp-content\\\/uploads\\\/2026\\\/04\\\/20260429-Sancions_Ctes.Anuals-520x272-1.jpg\",\"articleSection\":[\"Aut\u00f3nomos\",\"Clientes\",\"Fiscal\",\"Gran empresa\",\"Particulares\",\"Patrimonial\",\"Pymes\",\"Renda\"],\"inLanguage\":\"es\"},{\"@type\":\"WebPage\",\"@id\":\"https:\\\/\\\/lladogrup.com\\\/es\\\/sanciones-por-no-dipositar-cuentas-anuales\\\/\",\"url\":\"https:\\\/\\\/lladogrup.com\\\/es\\\/sanciones-por-no-dipositar-cuentas-anuales\\\/\",\"name\":\"Sanciones por no depositar las Cuentas Anuales -Llad\u00f3 Grup-\",\"isPartOf\":{\"@id\":\"https:\\\/\\\/lladogrup.com\\\/#website\"},\"primaryImageOfPage\":{\"@id\":\"https:\\\/\\\/lladogrup.com\\\/es\\\/sanciones-por-no-dipositar-cuentas-anuales\\\/#primaryimage\"},\"image\":{\"@id\":\"https:\\\/\\\/lladogrup.com\\\/es\\\/sanciones-por-no-dipositar-cuentas-anuales\\\/#primaryimage\"},\"thumbnailUrl\":\"https:\\\/\\\/lladogrup.com\\\/wp-content\\\/uploads\\\/2026\\\/04\\\/20260429-Sancions_Ctes.Anuals-520x272-1.jpg\",\"datePublished\":\"2026-04-30T16:33:12+00:00\",\"author\":{\"@id\":\"https:\\\/\\\/lladogrup.com\\\/#\\\/schema\\\/person\\\/fae891704510562cc35f2a910871bb7a\"},\"description\":\"\u00bfTienes dudas sobre si la empresa tiene que presentar las Cuentas Anuales? Aseg\u00farate de cumplir las obligaciones tributarias. \u00a1Cons\u00faltanos!\",\"breadcrumb\":{\"@id\":\"https:\\\/\\\/lladogrup.com\\\/es\\\/sanciones-por-no-dipositar-cuentas-anuales\\\/#breadcrumb\"},\"inLanguage\":\"es\",\"potentialAction\":[{\"@type\":\"ReadAction\",\"target\":[\"https:\\\/\\\/lladogrup.com\\\/es\\\/sanciones-por-no-dipositar-cuentas-anuales\\\/\"]}]},{\"@type\":\"ImageObject\",\"inLanguage\":\"es\",\"@id\":\"https:\\\/\\\/lladogrup.com\\\/es\\\/sanciones-por-no-dipositar-cuentas-anuales\\\/#primaryimage\",\"url\":\"https:\\\/\\\/lladogrup.com\\\/wp-content\\\/uploads\\\/2026\\\/04\\\/20260429-Sancions_Ctes.Anuals-520x272-1.jpg\",\"contentUrl\":\"https:\\\/\\\/lladogrup.com\\\/wp-content\\\/uploads\\\/2026\\\/04\\\/20260429-Sancions_Ctes.Anuals-520x272-1.jpg\",\"width\":520,\"height\":272,\"caption\":\"Sanciones por no depositar las Cuentas Anuales. Llado Grup\"},{\"@type\":\"BreadcrumbList\",\"@id\":\"https:\\\/\\\/lladogrup.com\\\/es\\\/sanciones-por-no-dipositar-cuentas-anuales\\\/#breadcrumb\",\"itemListElement\":[{\"@type\":\"ListItem\",\"position\":1,\"name\":\"Portada\",\"item\":\"https:\\\/\\\/lladogrup.com\\\/es\\\/\"},{\"@type\":\"ListItem\",\"position\":2,\"name\":\"Sanciones por no depositar las Cuentas Anuales: Evita riesgos innecesarios\"}]},{\"@type\":\"WebSite\",\"@id\":\"https:\\\/\\\/lladogrup.com\\\/#website\",\"url\":\"https:\\\/\\\/lladogrup.com\\\/\",\"name\":\"Llad\u00f3 Grup\",\"description\":\"Consultoria i gestoria\",\"potentialAction\":[{\"@type\":\"SearchAction\",\"target\":{\"@type\":\"EntryPoint\",\"urlTemplate\":\"https:\\\/\\\/lladogrup.com\\\/?s={search_term_string}\"},\"query-input\":{\"@type\":\"PropertyValueSpecification\",\"valueRequired\":true,\"valueName\":\"search_term_string\"}}],\"inLanguage\":\"es\"},{\"@type\":\"Person\",\"@id\":\"https:\\\/\\\/lladogrup.com\\\/#\\\/schema\\\/person\\\/fae891704510562cc35f2a910871bb7a\",\"name\":\"LladogrupSB\",\"image\":{\"@type\":\"ImageObject\",\"inLanguage\":\"es\",\"@id\":\"https:\\\/\\\/secure.gravatar.com\\\/avatar\\\/e8dab0ac617b31013790aba77d3585a0fc0040d861b8f20b54660334fea26d66?s=96&d=mm&r=g\",\"url\":\"https:\\\/\\\/secure.gravatar.com\\\/avatar\\\/e8dab0ac617b31013790aba77d3585a0fc0040d861b8f20b54660334fea26d66?s=96&d=mm&r=g\",\"contentUrl\":\"https:\\\/\\\/secure.gravatar.com\\\/avatar\\\/e8dab0ac617b31013790aba77d3585a0fc0040d861b8f20b54660334fea26d66?s=96&d=mm&r=g\",\"caption\":\"LladogrupSB\"}}]}<\/script>\n<!-- \/ Yoast SEO plugin. -->","yoast_head_json":{"title":"Sanciones por no depositar las Cuentas Anuales -Llad\u00f3 Grup-","description":"\u00bfTienes dudas sobre si la empresa tiene que presentar las Cuentas Anuales? Aseg\u00farate de cumplir las obligaciones tributarias. \u00a1Cons\u00faltanos!","robots":{"index":"index","follow":"follow","max-snippet":"max-snippet:-1","max-image-preview":"max-image-preview:large","max-video-preview":"max-video-preview:-1"},"canonical":"https:\/\/lladogrup.com\/es\/sanciones-por-no-dipositar-cuentas-anuales\/","og_locale":"es_ES","og_type":"article","og_title":"Sanciones por no depositar las Cuentas Anuales -Llad\u00f3 Grup-","og_description":"\u00bfTienes dudas sobre si la empresa tiene que presentar las Cuentas Anuales? Aseg\u00farate de cumplir las obligaciones tributarias. \u00a1Cons\u00faltanos!","og_url":"https:\/\/lladogrup.com\/es\/sanciones-por-no-dipositar-cuentas-anuales\/","og_site_name":"Llad\u00f3 Grup","article_published_time":"2026-04-30T16:33:12+00:00","og_image":[{"width":520,"height":272,"url":"https:\/\/lladogrup.com\/wp-content\/uploads\/2026\/04\/20260429-Sancions_Ctes.Anuals-520x272-1.jpg","type":"image\/jpeg"}],"author":"LladogrupSB","twitter_card":"summary_large_image","twitter_misc":{"Escrito por":"LladogrupSB","Tiempo de lectura":"6 minutos"},"schema":{"@context":"https:\/\/schema.org","@graph":[{"@type":"Article","@id":"https:\/\/lladogrup.com\/es\/sanciones-por-no-dipositar-cuentas-anuales\/#article","isPartOf":{"@id":"https:\/\/lladogrup.com\/es\/sanciones-por-no-dipositar-cuentas-anuales\/"},"author":{"name":"LladogrupSB","@id":"https:\/\/lladogrup.com\/#\/schema\/person\/fae891704510562cc35f2a910871bb7a"},"headline":"Sanciones por no depositar las Cuentas Anuales: Evita riesgos innecesarios","datePublished":"2026-04-30T16:33:12+00:00","mainEntityOfPage":{"@id":"https:\/\/lladogrup.com\/es\/sanciones-por-no-dipositar-cuentas-anuales\/"},"wordCount":1304,"image":{"@id":"https:\/\/lladogrup.com\/es\/sanciones-por-no-dipositar-cuentas-anuales\/#primaryimage"},"thumbnailUrl":"https:\/\/lladogrup.com\/wp-content\/uploads\/2026\/04\/20260429-Sancions_Ctes.Anuals-520x272-1.jpg","articleSection":["Aut\u00f3nomos","Clientes","Fiscal","Gran empresa","Particulares","Patrimonial","Pymes","Renda"],"inLanguage":"es"},{"@type":"WebPage","@id":"https:\/\/lladogrup.com\/es\/sanciones-por-no-dipositar-cuentas-anuales\/","url":"https:\/\/lladogrup.com\/es\/sanciones-por-no-dipositar-cuentas-anuales\/","name":"Sanciones por no depositar las Cuentas Anuales -Llad\u00f3 Grup-","isPartOf":{"@id":"https:\/\/lladogrup.com\/#website"},"primaryImageOfPage":{"@id":"https:\/\/lladogrup.com\/es\/sanciones-por-no-dipositar-cuentas-anuales\/#primaryimage"},"image":{"@id":"https:\/\/lladogrup.com\/es\/sanciones-por-no-dipositar-cuentas-anuales\/#primaryimage"},"thumbnailUrl":"https:\/\/lladogrup.com\/wp-content\/uploads\/2026\/04\/20260429-Sancions_Ctes.Anuals-520x272-1.jpg","datePublished":"2026-04-30T16:33:12+00:00","author":{"@id":"https:\/\/lladogrup.com\/#\/schema\/person\/fae891704510562cc35f2a910871bb7a"},"description":"\u00bfTienes dudas sobre si la empresa tiene que presentar las Cuentas Anuales? Aseg\u00farate de cumplir las obligaciones tributarias. \u00a1Cons\u00faltanos!","breadcrumb":{"@id":"https:\/\/lladogrup.com\/es\/sanciones-por-no-dipositar-cuentas-anuales\/#breadcrumb"},"inLanguage":"es","potentialAction":[{"@type":"ReadAction","target":["https:\/\/lladogrup.com\/es\/sanciones-por-no-dipositar-cuentas-anuales\/"]}]},{"@type":"ImageObject","inLanguage":"es","@id":"https:\/\/lladogrup.com\/es\/sanciones-por-no-dipositar-cuentas-anuales\/#primaryimage","url":"https:\/\/lladogrup.com\/wp-content\/uploads\/2026\/04\/20260429-Sancions_Ctes.Anuals-520x272-1.jpg","contentUrl":"https:\/\/lladogrup.com\/wp-content\/uploads\/2026\/04\/20260429-Sancions_Ctes.Anuals-520x272-1.jpg","width":520,"height":272,"caption":"Sanciones por no depositar las Cuentas Anuales. Llado Grup"},{"@type":"BreadcrumbList","@id":"https:\/\/lladogrup.com\/es\/sanciones-por-no-dipositar-cuentas-anuales\/#breadcrumb","itemListElement":[{"@type":"ListItem","position":1,"name":"Portada","item":"https:\/\/lladogrup.com\/es\/"},{"@type":"ListItem","position":2,"name":"Sanciones por no depositar las Cuentas Anuales: Evita riesgos innecesarios"}]},{"@type":"WebSite","@id":"https:\/\/lladogrup.com\/#website","url":"https:\/\/lladogrup.com\/","name":"Llad\u00f3 Grup","description":"Consultoria i gestoria","potentialAction":[{"@type":"SearchAction","target":{"@type":"EntryPoint","urlTemplate":"https:\/\/lladogrup.com\/?s={search_term_string}"},"query-input":{"@type":"PropertyValueSpecification","valueRequired":true,"valueName":"search_term_string"}}],"inLanguage":"es"},{"@type":"Person","@id":"https:\/\/lladogrup.com\/#\/schema\/person\/fae891704510562cc35f2a910871bb7a","name":"LladogrupSB","image":{"@type":"ImageObject","inLanguage":"es","@id":"https:\/\/secure.gravatar.com\/avatar\/e8dab0ac617b31013790aba77d3585a0fc0040d861b8f20b54660334fea26d66?s=96&d=mm&r=g","url":"https:\/\/secure.gravatar.com\/avatar\/e8dab0ac617b31013790aba77d3585a0fc0040d861b8f20b54660334fea26d66?s=96&d=mm&r=g","contentUrl":"https:\/\/secure.gravatar.com\/avatar\/e8dab0ac617b31013790aba77d3585a0fc0040d861b8f20b54660334fea26d66?s=96&d=mm&r=g","caption":"LladogrupSB"}}]}},"_links":{"self":[{"href":"https:\/\/lladogrup.com\/es\/wp-json\/wp\/v2\/posts\/99205","targetHints":{"allow":["GET"]}}],"collection":[{"href":"https:\/\/lladogrup.com\/es\/wp-json\/wp\/v2\/posts"}],"about":[{"href":"https:\/\/lladogrup.com\/es\/wp-json\/wp\/v2\/types\/post"}],"author":[{"embeddable":true,"href":"https:\/\/lladogrup.com\/es\/wp-json\/wp\/v2\/users\/2"}],"replies":[{"embeddable":true,"href":"https:\/\/lladogrup.com\/es\/wp-json\/wp\/v2\/comments?post=99205"}],"version-history":[{"count":3,"href":"https:\/\/lladogrup.com\/es\/wp-json\/wp\/v2\/posts\/99205\/revisions"}],"predecessor-version":[{"id":99215,"href":"https:\/\/lladogrup.com\/es\/wp-json\/wp\/v2\/posts\/99205\/revisions\/99215"}],"wp:featuredmedia":[{"embeddable":true,"href":"https:\/\/lladogrup.com\/es\/wp-json\/wp\/v2\/media\/99211"}],"wp:attachment":[{"href":"https:\/\/lladogrup.com\/es\/wp-json\/wp\/v2\/media?parent=99205"}],"wp:term":[{"taxonomy":"category","embeddable":true,"href":"https:\/\/lladogrup.com\/es\/wp-json\/wp\/v2\/categories?post=99205"},{"taxonomy":"post_tag","embeddable":true,"href":"https:\/\/lladogrup.com\/es\/wp-json\/wp\/v2\/tags?post=99205"}],"curies":[{"name":"wp","href":"https:\/\/api.w.org\/{rel}","templated":true}]}}