{"id":84427,"date":"2025-03-12T11:37:49","date_gmt":"2025-03-12T10:37:49","guid":{"rendered":"https:\/\/lladogrup.com\/?p=84427"},"modified":"2025-03-12T11:37:51","modified_gmt":"2025-03-12T10:37:51","slug":"presentacion-modelo-720-y-modelo-721","status":"publish","type":"post","link":"https:\/\/lladogrup.com\/es\/presentacion-modelo-720-y-modelo-721\/","title":{"rendered":"\u00bfCu\u00e1ndo debo presentar el modelo 720 y modelo 721?"},"content":{"rendered":"<div class=\"wpb-content-wrapper\"><p>[vc_row css=\u00bb.vc_custom_1631109896967{padding-bottom: 20px !important;}\u00bb][vc_column][vc_column_text css=\u00bb\u00bb]<\/p>\n<p style=\"text-align: justify;\"><b>El modelo 720 es una declaraci\u00f3n informativa sobre bienes y derechos situados en el extranjero. Y el modelo 721 es una declaraci\u00f3n para declarar las criptomonedas en el extranjero. Modelos que se presentan a la Agencia Tributaria y tiene como objetivo principal informar sobre los bienes y derechos que los residentes fiscales en Espa\u00f1a poseen fuera del territorio espa\u00f1ol.<\/b><\/p>\n<p style=\"text-align: justify;\"><span style=\"font-weight: 400;\">Desde Llad\u00f3 Grup Consultor os queremos informar sobre el modelo 720 y el modelo 721, su presentaci\u00f3n y sus caracter\u00edsticas, modelos que deben <\/span><b>presentarse antes de 31 de marzo de 2025<\/b><span style=\"font-weight: 400;\">.\u00a0<\/span><\/p>\n<p>[\/vc_column_text][\/vc_column][\/vc_row][vc_row css=\u00bb.vc_custom_1631109896967{padding-bottom: 20px !important;}\u00bb][vc_column][vc_btn title=\u00bbAsesoramiento fiscal empresas\u00bb color=\u00bbdanger\u00bb size=\u00bblg\u00bb align=\u00bbcenter\u00bb i_icon_fontawesome=\u00bbfas fa-mouse\u00bb css=\u00bb.vc_custom_1741775540762{margin-bottom: 40px !important;}\u00bb add_icon=\u00bbtrue\u00bb link=\u00bburl:https%3A%2F%2Flladogrup.com%2Fes%2Fasesoria%2Fasesoria-fiscal-y-contable-para-empresas%2F|target:_blank\u00bb][\/vc_column][\/vc_row][vc_row css=\u00bb.vc_custom_1631109361052{padding-bottom: 20px !important;}\u00bb][vc_column]<div id=\"ultimate-heading-72269ef880449e78\" class=\"uvc-heading ult-adjust-bottom-margin ultimate-heading-72269ef880449e78 uvc-7314 \" data-hspacer=\"no_spacer\"  data-halign=\"left\" style=\"text-align:left\"><div class=\"uvc-heading-spacer no_spacer\" style=\"top\"><\/div><div class=\"uvc-main-heading ult-responsive\"  data-ultimate-target='.uvc-heading.ultimate-heading-72269ef880449e78 h2'  data-responsive-json-new='{\"font-size\":\"desktop:24px;\",\"line-height\":\"\"}' ><h2 style=\"font-weight:bold;color:#fe5d3a;margin-bottom:20px;\">\u00bfQui\u00e9n est\u00e1 obligado a presentar el modelo 720? <\/h2><\/div><\/div>[vc_column_text css=\u00bb\u00bb]<span style=\"font-weight: 400;\">Los <\/span><b>residentes fiscales en Espa\u00f1a<\/b><span style=\"font-weight: 400;\"> que posean bienes y derechos en el extranjero con un valor superior a 50.000 euros en alguna de las siguientes categor\u00edas, (por separado cada grupo):<\/span><\/p>\n<ul>\n<li style=\"font-weight: 400;\" aria-level=\"1\"><span style=\"font-weight: 400;\">Cuentas bancarias en entidades financieras extranjeras.<\/span><\/li>\n<li style=\"font-weight: 400;\" aria-level=\"1\"><span style=\"font-weight: 400;\">Valores o derechos representativos de la participaci\u00f3n en entidades extranjeras (acciones, participaciones, etc.).<\/span><\/li>\n<li style=\"font-weight: 400;\" aria-level=\"1\"><span style=\"font-weight: 400;\">Bienes inmuebles y derechos sobre bienes inmuebles situados en el extranjero.<\/span><\/li>\n<\/ul>\n<p>[\/vc_column_text][\/vc_column][\/vc_row][vc_row css=\u00bb.vc_custom_1631109361052{padding-bottom: 20px !important;}\u00bb][vc_column]<div id=\"ultimate-heading-615069ef880449f4c\" class=\"uvc-heading ult-adjust-bottom-margin ultimate-heading-615069ef880449f4c uvc-2634 \" data-hspacer=\"no_spacer\"  data-halign=\"left\" style=\"text-align:left\"><div class=\"uvc-heading-spacer no_spacer\" style=\"top\"><\/div><div class=\"uvc-main-heading ult-responsive\"  data-ultimate-target='.uvc-heading.ultimate-heading-615069ef880449f4c h2'  data-responsive-json-new='{\"font-size\":\"desktop:24px;\",\"line-height\":\"\"}' ><h2 style=\"font-weight:bold;color:#fe5d3a;margin-bottom:20px;\">Plazo de presentaci\u00f3n del modelo 720 y modelo 721<\/h2><\/div><\/div>[vc_column_text css=\u00bb\u00bb]<span style=\"font-weight: 400;\">Las <strong>declaraciones del modelo 720 y modelo 721<\/strong>, se presentan entre el 1 de enero y el 31 de marzo del a\u00f1o siguiente al que se refieren los bienes y derechos.<\/span>[\/vc_column_text][\/vc_column][\/vc_row][vc_row][vc_column width=\u00bb2\/3&#8243;][vc_single_image image=\u00bb84438&#8243; img_size=\u00bbfull\u00bb add_caption=\u00bbyes\u00bb css=\u00bb\u00bb][\/vc_column][vc_column width=\u00bb1\/3&#8243;]<div id=\"ultimate-heading-731469ef880449fc3\" class=\"uvc-heading ult-adjust-bottom-margin ultimate-heading-731469ef880449fc3 uvc-8418  uvc-heading-default-font-sizes\" data-hspacer=\"no_spacer\"  data-halign=\"center\" style=\"text-align:center\"><div class=\"uvc-heading-spacer no_spacer\" style=\"top\"><\/div><div class=\"uvc-main-heading ult-responsive\"  data-ultimate-target='.uvc-heading.ultimate-heading-731469ef880449fc3 h3'  data-responsive-json-new='{\"font-size\":\"\",\"line-height\":\"\"}' ><h3 style=\"font-weight:bold;color:#fe5d3a;\">Subscr\u00edbete a nuestra newsletter<\/h3><\/div><\/div><p class=\"wpcf7-contact-form-not-found\"><strong>Error:<\/strong> Formulario de contacto no encontrado.<\/p>[\/vc_column][\/vc_row][vc_row css=\u00bb.vc_custom_1631109361052{padding-bottom: 20px !important;}\u00bb][vc_column]<div id=\"ultimate-heading-696269ef88044a22d\" class=\"uvc-heading ult-adjust-bottom-margin ultimate-heading-696269ef88044a22d uvc-396 \" data-hspacer=\"no_spacer\"  data-halign=\"left\" style=\"text-align:left\"><div class=\"uvc-heading-spacer no_spacer\" style=\"top\"><\/div><div class=\"uvc-main-heading ult-responsive\"  data-ultimate-target='.uvc-heading.ultimate-heading-696269ef88044a22d h2'  data-responsive-json-new='{\"font-size\":\"desktop:24px;\",\"line-height\":\"\"}' ><h2 style=\"font-weight:bold;color:#fe5d3a;margin-bottom:20px;\">\u00bfQu\u00e9 se declara en el modelo 720? <\/h2><\/div><\/div>[vc_column_text css=\u00bb\u00bb]<\/p>\n<p style=\"text-align: justify;\"><b>Valores representativos de la participaci\u00f3n en cualquier tipo de entidad<\/b><span style=\"font-weight: 400;\">. Por ejemplo, derechos representativos de la cesi\u00f3n a terceros de capitales propios, acciones y participaciones de IIC, seguros en los que seas tomador o rentas temporales o vitalicias.<\/span><\/p>\n<p style=\"text-align: justify;\"><b>Cuentas y dep\u00f3sitos abiertos en entidades ubicadas en el extranjero<\/b><span style=\"font-weight: 400;\">. Hay que indicar los saldos de las cuentas a 31 de diciembre y el saldo medio del \u00faltimo trimestre del a\u00f1o. Tambi\u00e9n los titulares, representantes, autorizados, beneficiarios o personas con poderes de disposici\u00f3n o titulares reales.<\/span><\/p>\n<p style=\"text-align: justify;\"><b>Bienes inmuebles, y derechos sobre ellos, ubicados en el extranjero<\/b><span style=\"font-weight: 400;\">. Ha de indicarse la fecha y valor de adquisici\u00f3n.<\/span><\/p>\n<p>[\/vc_column_text][\/vc_column][\/vc_row][vc_row css=\u00bb.vc_custom_1631109361052{padding-bottom: 20px !important;}\u00bb][vc_column]<div id=\"ultimate-heading-822569ef88044a2bd\" class=\"uvc-heading ult-adjust-bottom-margin ultimate-heading-822569ef88044a2bd uvc-2524 \" data-hspacer=\"no_spacer\"  data-halign=\"left\" style=\"text-align:left\"><div class=\"uvc-heading-spacer no_spacer\" style=\"top\"><\/div><div class=\"uvc-main-heading ult-responsive\"  data-ultimate-target='.uvc-heading.ultimate-heading-822569ef88044a2bd h2'  data-responsive-json-new='{\"font-size\":\"desktop:24px;\",\"line-height\":\"\"}' ><h2 style=\"font-weight:bold;color:#fe5d3a;margin-bottom:20px;\">\u00bfQu\u00e9 pasa si no se presenta el modelo 720 o modelo 721?<\/h2><\/div><\/div>[vc_column_text css=\u00bb\u00bb]<span style=\"font-weight: 400;\">El <\/span><b>incumplimiento de la obligaci\u00f3n<\/b><span style=\"font-weight: 400;\"> de presentar el <strong>modelo 720 o el modelo 721<\/strong>, o su presentaci\u00f3n incorrecta, puede acarrear sanciones econ\u00f3micas.<\/span>[\/vc_column_text][\/vc_column][\/vc_row][vc_row full_width=\u00bbstretch_row\u00bb bg_type=\u00bbimage\u00bb bg_override=\u00bbfull\u00bb css=\u00bb.vc_custom_1704903641721{margin-bottom: 30px !important;background-color: #fff2ed !important;}\u00bb][vc_column][vc_row_inner css=\u00bb.vc_custom_1704899436080{margin-bottom: 30px !important;}\u00bb][vc_column_inner css=\u00bb.vc_custom_1704899344593{padding-right: 25px !important;padding-left: 30px !important;}\u00bb][vc_column_text css=\u00bb\u00bb]<\/p>\n<h3 class=\"form-control second-textarea\" style=\"text-align: center;\"><strong>\u00bfTienes dudas sobre la presentaci\u00f3n de los impuestos?<\/strong><\/h3>\n<p>[\/vc_column_text][vc_column_text][\/vc_column_text]\n<div class=\"wpcf7 no-js\" id=\"wpcf7-f4-o1\" lang=\"es-ES\" dir=\"ltr\" data-wpcf7-id=\"4\">\n<div class=\"screen-reader-response\"><p role=\"status\" aria-live=\"polite\" aria-atomic=\"true\"><\/p> <ul><\/ul><\/div>\n<form action=\"\/es\/wp-json\/wp\/v2\/posts\/84427#wpcf7-f4-o1\" method=\"post\" class=\"wpcf7-form init 98099fcddabd cmatic-conn cmatic-aud-0 cmatic-mapd0-0 cmatic-v0978 cmatic-sent-0 cmatic-total-529\" aria-label=\"Formulario de contacto\" novalidate=\"novalidate\" data-status=\"init\">\n<fieldset class=\"hidden-fields-container\"><input type=\"hidden\" name=\"_wpcf7\" value=\"4\" \/><input type=\"hidden\" name=\"_wpcf7_version\" value=\"6.1.5\" \/><input type=\"hidden\" name=\"_wpcf7_locale\" value=\"es_ES\" \/><input type=\"hidden\" name=\"_wpcf7_unit_tag\" value=\"wpcf7-f4-o1\" \/><input type=\"hidden\" name=\"_wpcf7_container_post\" value=\"0\" \/><input type=\"hidden\" name=\"_wpcf7_posted_data_hash\" value=\"\" \/><input type=\"hidden\" name=\"_wpcf7_recaptcha_response\" value=\"\" \/>\n<\/fieldset>\n<p><label>Nombre*<br \/>\n<span class=\"wpcf7-form-control-wrap\" data-name=\"your-name\"><input size=\"40\" maxlength=\"400\" class=\"wpcf7-form-control wpcf7-text wpcf7-validates-as-required\" aria-required=\"true\" aria-invalid=\"false\" placeholder=\"Escribe tu nombre y apellidos\" value=\"\" type=\"text\" name=\"your-name\" \/><\/span><\/label>\n<\/p>\n<p><label>Email*<br \/>\n<span class=\"wpcf7-form-control-wrap\" data-name=\"your-email\"><input size=\"40\" maxlength=\"400\" class=\"wpcf7-form-control wpcf7-email wpcf7-validates-as-required wpcf7-text wpcf7-validates-as-email\" aria-required=\"true\" aria-invalid=\"false\" placeholder=\"Tu correo electr\u00f3nico\" value=\"\" type=\"email\" name=\"your-email\" \/><\/span><\/label>\n<\/p>\n<p><label>Tel\u00e9fono*<br \/>\n<span class=\"wpcf7-form-control-wrap\" data-name=\"llado-tel\"><input size=\"40\" maxlength=\"400\" class=\"wpcf7-form-control wpcf7-tel wpcf7-validates-as-required wpcf7-text wpcf7-validates-as-tel\" aria-required=\"true\" aria-invalid=\"false\" placeholder=\"Tu Tel\u00e9fono\" value=\"\" type=\"tel\" name=\"llado-tel\" \/><\/span><\/label>\n<\/p>\n<p><label>Mensaje<br \/>\n<span class=\"wpcf7-form-control-wrap\" data-name=\"llado-mensaje\"><textarea cols=\"40\" rows=\"5\" maxlength=\"2000\" class=\"wpcf7-form-control wpcf7-textarea wpcf7-validates-as-required\" aria-required=\"true\" aria-invalid=\"false\" placeholder=\"Motivo de la consulta\" name=\"llado-mensaje\"><\/textarea><\/span><\/label>\n<\/p>\n<p><span class=\"wpcf7-form-control-wrap\" data-name=\"acceptance-272\"><span class=\"wpcf7-form-control wpcf7-acceptance\"><span class=\"wpcf7-list-item\"><input type=\"checkbox\" name=\"acceptance-272\" value=\"1\" aria-invalid=\"false\" \/><\/span><\/span><\/span> He le\u00eddo y acepto la <a href=\"https:\/\/lladogrup.com\/es\/politica-de-privacidad\/\">Pol\u00edtica de Privacidad<\/a>\n<\/p>\n<p><span class=\"wpcf7-form-control-wrap\" data-name=\"acceptance-423\"><span class=\"wpcf7-form-control wpcf7-acceptance optional\"><span class=\"wpcf7-list-item\"><input type=\"checkbox\" name=\"acceptance-423\" value=\"1\" aria-invalid=\"false\" \/><\/span><\/span><\/span> Acepto recibir informaci\u00f3n sobre las actividades, servicios y productos de Llad\u00f3 Grup Consultor.\n<\/p>\n<p><span style=\"margin-top: 10px;\"><\/span>\n<\/p>\n\n<p><span style=\"margin-bottom: 10px;\"><\/span>\n<\/p>\n<p><input class=\"wpcf7-form-control wpcf7-submit has-spinner\" type=\"submit\" value=\"Enviar\" \/>\n<\/p><p style=\"display: none !important;\" class=\"akismet-fields-container\" data-prefix=\"_wpcf7_ak_\"><label>&#916;<textarea name=\"_wpcf7_ak_hp_textarea\" cols=\"45\" rows=\"8\" maxlength=\"100\"><\/textarea><\/label><input type=\"hidden\" id=\"ak_js_1\" name=\"_wpcf7_ak_js\" value=\"39\"\/><script>document.getElementById( \"ak_js_1\" ).setAttribute( \"value\", ( new Date() ).getTime() );<\/script><\/p><div class=\"wpcf7-response-output\" aria-hidden=\"true\"><\/div>\n<\/form>\n<\/div>\n[\/vc_column_inner][\/vc_row_inner][\/vc_column][\/vc_row][vc_row css=\u00bb.vc_custom_1631109361052{padding-bottom: 20px !important;}\u00bb][vc_column]<div id=\"ultimate-heading-398569ef88044b59c\" class=\"uvc-heading ult-adjust-bottom-margin ultimate-heading-398569ef88044b59c uvc-6832 \" data-hspacer=\"no_spacer\"  data-halign=\"left\" style=\"text-align:left\"><div class=\"uvc-heading-spacer no_spacer\" style=\"top\"><\/div><div class=\"uvc-main-heading ult-responsive\"  data-ultimate-target='.uvc-heading.ultimate-heading-398569ef88044b59c h2'  data-responsive-json-new='{\"font-size\":\"desktop:24px;\",\"line-height\":\"\"}' ><h2 style=\"font-weight:bold;color:#fe5d3a;margin-bottom:20px;\">C\u00f3mo puede ayudarte el equipo fiscal de Llad\u00f3 Grup Consultor<\/h2><\/div><\/div>[vc_column_text css=\u00bb\u00bb]<\/p>\n<p style=\"text-align: justify;\"><span style=\"font-weight: 400;\">La <\/span><b>presentaci\u00f3n del modelo 720 y modelo 721<\/b><span style=\"font-weight: 400;\"> son modelos complejos y siempre desde el <\/span><b>\u00e1rea fiscal <\/b><span style=\"font-weight: 400;\">te aconsejamos y ofrecemos un equipo de profesionales que te asesore, gestione y presente tus impuestos para cumplir correctamente con tus<\/span><b> obligaciones tributarias<\/b><span style=\"font-weight: 400;\">.<\/span><\/p>\n<p>[\/vc_column_text][\/vc_column][\/vc_row]<\/p>\n<\/div>","protected":false},"excerpt":{"rendered":"<p>[vc_row css=\u00bb.vc_custom_1631109896967{padding-bottom: 20px !important;}\u00bb][vc_column][vc_column_text css=\u00bb\u00bb] El modelo 720 es una declaraci\u00f3n informativa sobre bienes y derechos situados en el extranjero. Y el modelo 721 es una declaraci\u00f3n para declarar las criptomonedas en el extranjero. Modelos que se presentan a la Agencia Tributaria y tiene como objetivo principal informar sobre los bienes y derechos que los&hellip;<\/p>\n","protected":false},"author":1,"featured_media":84434,"comment_status":"closed","ping_status":"closed","sticky":false,"template":"","format":"standard","meta":{"_joinchat":[],"footnotes":""},"categories":[613,622,615,623,626,2195,617],"tags":[],"class_list":["post-84427","post","type-post","status-publish","format-standard","has-post-thumbnail","hentry","category-clientes","category-fiscal-es","category-gran-empresa-es","category-juridico","category-laboral-es","category-patrimonial-es","category-pymes","category-613","category-622","category-615","category-623","category-626","category-2195","category-617","description-off"],"yoast_head":"<!-- This site is optimized with the Yoast SEO plugin v27.3 - https:\/\/yoast.com\/product\/yoast-seo-wordpress\/ -->\n<title>\u00bfCu\u00e1ndo debo presentar los modelos 720 y 721? -Llad\u00f3 Grup-<\/title>\n<meta name=\"description\" content=\"Si tens algun dubte sobre la presentaci\u00f3 de los modelos 720 y 721, te ofrecemos un equipo para cumplir con tus obligaciones tributarias.\" \/>\n<meta name=\"robots\" content=\"index, follow, max-snippet:-1, max-image-preview:large, max-video-preview:-1\" \/>\n<link rel=\"canonical\" href=\"https:\/\/lladogrup.com\/es\/presentacion-modelo-720-y-modelo-721\/\" \/>\n<meta property=\"og:locale\" content=\"es_ES\" \/>\n<meta property=\"og:type\" content=\"article\" \/>\n<meta property=\"og:title\" content=\"\u00bfCu\u00e1ndo debo presentar los modelos 720 y 721? -Llad\u00f3 Grup-\" \/>\n<meta property=\"og:description\" content=\"Si tens algun dubte sobre la presentaci\u00f3 de los modelos 720 y 721, te ofrecemos un equipo para cumplir con tus obligaciones tributarias.\" \/>\n<meta property=\"og:url\" content=\"https:\/\/lladogrup.com\/es\/presentacion-modelo-720-y-modelo-721\/\" \/>\n<meta property=\"og:site_name\" content=\"Llad\u00f3 Grup\" \/>\n<meta property=\"article:published_time\" content=\"2025-03-12T10:37:49+00:00\" \/>\n<meta property=\"article:modified_time\" content=\"2025-03-12T10:37:51+00:00\" \/>\n<meta property=\"og:image\" content=\"https:\/\/lladogrup.com\/wp-content\/uploads\/2025\/03\/20250319-Presentacion_modelo720-520x272-1.jpg\" \/>\n\t<meta property=\"og:image:width\" content=\"520\" \/>\n\t<meta property=\"og:image:height\" content=\"272\" \/>\n\t<meta property=\"og:image:type\" content=\"image\/jpeg\" \/>\n<meta name=\"author\" content=\"LladogrupEG\" \/>\n<meta name=\"twitter:card\" content=\"summary_large_image\" \/>\n<meta name=\"twitter:label1\" content=\"Escrito por\" \/>\n\t<meta name=\"twitter:data1\" content=\"LladogrupEG\" \/>\n\t<meta name=\"twitter:label2\" content=\"Tiempo de lectura\" \/>\n\t<meta name=\"twitter:data2\" content=\"4 minutos\" \/>\n<script type=\"application\/ld+json\" class=\"yoast-schema-graph\">{\"@context\":\"https:\\\/\\\/schema.org\",\"@graph\":[{\"@type\":\"Article\",\"@id\":\"https:\\\/\\\/lladogrup.com\\\/es\\\/presentacion-modelo-720-y-modelo-721\\\/#article\",\"isPartOf\":{\"@id\":\"https:\\\/\\\/lladogrup.com\\\/es\\\/presentacion-modelo-720-y-modelo-721\\\/\"},\"author\":{\"name\":\"LladogrupEG\",\"@id\":\"https:\\\/\\\/lladogrup.com\\\/#\\\/schema\\\/person\\\/35477a36207df973cc3e80a9de0728b7\"},\"headline\":\"\u00bfCu\u00e1ndo debo presentar el modelo 720 y modelo 721?\",\"datePublished\":\"2025-03-12T10:37:49+00:00\",\"dateModified\":\"2025-03-12T10:37:51+00:00\",\"mainEntityOfPage\":{\"@id\":\"https:\\\/\\\/lladogrup.com\\\/es\\\/presentacion-modelo-720-y-modelo-721\\\/\"},\"wordCount\":886,\"image\":{\"@id\":\"https:\\\/\\\/lladogrup.com\\\/es\\\/presentacion-modelo-720-y-modelo-721\\\/#primaryimage\"},\"thumbnailUrl\":\"https:\\\/\\\/lladogrup.com\\\/wp-content\\\/uploads\\\/2025\\\/03\\\/20250319-Presentacion_modelo720-520x272-1.jpg\",\"articleSection\":[\"Clientes\",\"Fiscal\",\"Gran empresa\",\"Jur\u00eddico\",\"Laboral\",\"Patrimonial\",\"Pymes\"],\"inLanguage\":\"es\"},{\"@type\":\"WebPage\",\"@id\":\"https:\\\/\\\/lladogrup.com\\\/es\\\/presentacion-modelo-720-y-modelo-721\\\/\",\"url\":\"https:\\\/\\\/lladogrup.com\\\/es\\\/presentacion-modelo-720-y-modelo-721\\\/\",\"name\":\"\u00bfCu\u00e1ndo debo presentar los modelos 720 y 721? -Llad\u00f3 Grup-\",\"isPartOf\":{\"@id\":\"https:\\\/\\\/lladogrup.com\\\/#website\"},\"primaryImageOfPage\":{\"@id\":\"https:\\\/\\\/lladogrup.com\\\/es\\\/presentacion-modelo-720-y-modelo-721\\\/#primaryimage\"},\"image\":{\"@id\":\"https:\\\/\\\/lladogrup.com\\\/es\\\/presentacion-modelo-720-y-modelo-721\\\/#primaryimage\"},\"thumbnailUrl\":\"https:\\\/\\\/lladogrup.com\\\/wp-content\\\/uploads\\\/2025\\\/03\\\/20250319-Presentacion_modelo720-520x272-1.jpg\",\"datePublished\":\"2025-03-12T10:37:49+00:00\",\"dateModified\":\"2025-03-12T10:37:51+00:00\",\"author\":{\"@id\":\"https:\\\/\\\/lladogrup.com\\\/#\\\/schema\\\/person\\\/35477a36207df973cc3e80a9de0728b7\"},\"description\":\"Si tens algun dubte sobre la presentaci\u00f3 de los modelos 720 y 721, te ofrecemos un equipo para cumplir con tus obligaciones tributarias.\",\"breadcrumb\":{\"@id\":\"https:\\\/\\\/lladogrup.com\\\/es\\\/presentacion-modelo-720-y-modelo-721\\\/#breadcrumb\"},\"inLanguage\":\"es\",\"potentialAction\":[{\"@type\":\"ReadAction\",\"target\":[\"https:\\\/\\\/lladogrup.com\\\/es\\\/presentacion-modelo-720-y-modelo-721\\\/\"]}]},{\"@type\":\"ImageObject\",\"inLanguage\":\"es\",\"@id\":\"https:\\\/\\\/lladogrup.com\\\/es\\\/presentacion-modelo-720-y-modelo-721\\\/#primaryimage\",\"url\":\"https:\\\/\\\/lladogrup.com\\\/wp-content\\\/uploads\\\/2025\\\/03\\\/20250319-Presentacion_modelo720-520x272-1.jpg\",\"contentUrl\":\"https:\\\/\\\/lladogrup.com\\\/wp-content\\\/uploads\\\/2025\\\/03\\\/20250319-Presentacion_modelo720-520x272-1.jpg\",\"width\":520,\"height\":272,\"caption\":\"Presentaci\u00f3n modelo 720 y modelo 721 Llad\u00f3 Grup\"},{\"@type\":\"BreadcrumbList\",\"@id\":\"https:\\\/\\\/lladogrup.com\\\/es\\\/presentacion-modelo-720-y-modelo-721\\\/#breadcrumb\",\"itemListElement\":[{\"@type\":\"ListItem\",\"position\":1,\"name\":\"Portada\",\"item\":\"https:\\\/\\\/lladogrup.com\\\/es\\\/\"},{\"@type\":\"ListItem\",\"position\":2,\"name\":\"\u00bfCu\u00e1ndo debo presentar el modelo 720 y modelo 721?\"}]},{\"@type\":\"WebSite\",\"@id\":\"https:\\\/\\\/lladogrup.com\\\/#website\",\"url\":\"https:\\\/\\\/lladogrup.com\\\/\",\"name\":\"Llad\u00f3 Grup\",\"description\":\"Consultoria i gestoria\",\"potentialAction\":[{\"@type\":\"SearchAction\",\"target\":{\"@type\":\"EntryPoint\",\"urlTemplate\":\"https:\\\/\\\/lladogrup.com\\\/?s={search_term_string}\"},\"query-input\":{\"@type\":\"PropertyValueSpecification\",\"valueRequired\":true,\"valueName\":\"search_term_string\"}}],\"inLanguage\":\"es\"},{\"@type\":\"Person\",\"@id\":\"https:\\\/\\\/lladogrup.com\\\/#\\\/schema\\\/person\\\/35477a36207df973cc3e80a9de0728b7\",\"name\":\"LladogrupEG\",\"image\":{\"@type\":\"ImageObject\",\"inLanguage\":\"es\",\"@id\":\"https:\\\/\\\/secure.gravatar.com\\\/avatar\\\/7b7f8f8da21bbe9c24ab2e9aedcd8b42ba37b1d63f8950cbe1cd4d147be77597?s=96&d=mm&r=g\",\"url\":\"https:\\\/\\\/secure.gravatar.com\\\/avatar\\\/7b7f8f8da21bbe9c24ab2e9aedcd8b42ba37b1d63f8950cbe1cd4d147be77597?s=96&d=mm&r=g\",\"contentUrl\":\"https:\\\/\\\/secure.gravatar.com\\\/avatar\\\/7b7f8f8da21bbe9c24ab2e9aedcd8b42ba37b1d63f8950cbe1cd4d147be77597?s=96&d=mm&r=g\",\"caption\":\"LladogrupEG\"}}]}<\/script>\n<!-- \/ Yoast SEO plugin. -->","yoast_head_json":{"title":"\u00bfCu\u00e1ndo debo presentar los modelos 720 y 721? -Llad\u00f3 Grup-","description":"Si tens algun dubte sobre la presentaci\u00f3 de los modelos 720 y 721, te ofrecemos un equipo para cumplir con tus obligaciones tributarias.","robots":{"index":"index","follow":"follow","max-snippet":"max-snippet:-1","max-image-preview":"max-image-preview:large","max-video-preview":"max-video-preview:-1"},"canonical":"https:\/\/lladogrup.com\/es\/presentacion-modelo-720-y-modelo-721\/","og_locale":"es_ES","og_type":"article","og_title":"\u00bfCu\u00e1ndo debo presentar los modelos 720 y 721? -Llad\u00f3 Grup-","og_description":"Si tens algun dubte sobre la presentaci\u00f3 de los modelos 720 y 721, te ofrecemos un equipo para cumplir con tus obligaciones tributarias.","og_url":"https:\/\/lladogrup.com\/es\/presentacion-modelo-720-y-modelo-721\/","og_site_name":"Llad\u00f3 Grup","article_published_time":"2025-03-12T10:37:49+00:00","article_modified_time":"2025-03-12T10:37:51+00:00","og_image":[{"width":520,"height":272,"url":"https:\/\/lladogrup.com\/wp-content\/uploads\/2025\/03\/20250319-Presentacion_modelo720-520x272-1.jpg","type":"image\/jpeg"}],"author":"LladogrupEG","twitter_card":"summary_large_image","twitter_misc":{"Escrito por":"LladogrupEG","Tiempo de lectura":"4 minutos"},"schema":{"@context":"https:\/\/schema.org","@graph":[{"@type":"Article","@id":"https:\/\/lladogrup.com\/es\/presentacion-modelo-720-y-modelo-721\/#article","isPartOf":{"@id":"https:\/\/lladogrup.com\/es\/presentacion-modelo-720-y-modelo-721\/"},"author":{"name":"LladogrupEG","@id":"https:\/\/lladogrup.com\/#\/schema\/person\/35477a36207df973cc3e80a9de0728b7"},"headline":"\u00bfCu\u00e1ndo debo presentar el modelo 720 y modelo 721?","datePublished":"2025-03-12T10:37:49+00:00","dateModified":"2025-03-12T10:37:51+00:00","mainEntityOfPage":{"@id":"https:\/\/lladogrup.com\/es\/presentacion-modelo-720-y-modelo-721\/"},"wordCount":886,"image":{"@id":"https:\/\/lladogrup.com\/es\/presentacion-modelo-720-y-modelo-721\/#primaryimage"},"thumbnailUrl":"https:\/\/lladogrup.com\/wp-content\/uploads\/2025\/03\/20250319-Presentacion_modelo720-520x272-1.jpg","articleSection":["Clientes","Fiscal","Gran empresa","Jur\u00eddico","Laboral","Patrimonial","Pymes"],"inLanguage":"es"},{"@type":"WebPage","@id":"https:\/\/lladogrup.com\/es\/presentacion-modelo-720-y-modelo-721\/","url":"https:\/\/lladogrup.com\/es\/presentacion-modelo-720-y-modelo-721\/","name":"\u00bfCu\u00e1ndo debo presentar los modelos 720 y 721? -Llad\u00f3 Grup-","isPartOf":{"@id":"https:\/\/lladogrup.com\/#website"},"primaryImageOfPage":{"@id":"https:\/\/lladogrup.com\/es\/presentacion-modelo-720-y-modelo-721\/#primaryimage"},"image":{"@id":"https:\/\/lladogrup.com\/es\/presentacion-modelo-720-y-modelo-721\/#primaryimage"},"thumbnailUrl":"https:\/\/lladogrup.com\/wp-content\/uploads\/2025\/03\/20250319-Presentacion_modelo720-520x272-1.jpg","datePublished":"2025-03-12T10:37:49+00:00","dateModified":"2025-03-12T10:37:51+00:00","author":{"@id":"https:\/\/lladogrup.com\/#\/schema\/person\/35477a36207df973cc3e80a9de0728b7"},"description":"Si tens algun dubte sobre la presentaci\u00f3 de los modelos 720 y 721, te ofrecemos un equipo para cumplir con tus obligaciones tributarias.","breadcrumb":{"@id":"https:\/\/lladogrup.com\/es\/presentacion-modelo-720-y-modelo-721\/#breadcrumb"},"inLanguage":"es","potentialAction":[{"@type":"ReadAction","target":["https:\/\/lladogrup.com\/es\/presentacion-modelo-720-y-modelo-721\/"]}]},{"@type":"ImageObject","inLanguage":"es","@id":"https:\/\/lladogrup.com\/es\/presentacion-modelo-720-y-modelo-721\/#primaryimage","url":"https:\/\/lladogrup.com\/wp-content\/uploads\/2025\/03\/20250319-Presentacion_modelo720-520x272-1.jpg","contentUrl":"https:\/\/lladogrup.com\/wp-content\/uploads\/2025\/03\/20250319-Presentacion_modelo720-520x272-1.jpg","width":520,"height":272,"caption":"Presentaci\u00f3n modelo 720 y modelo 721 Llad\u00f3 Grup"},{"@type":"BreadcrumbList","@id":"https:\/\/lladogrup.com\/es\/presentacion-modelo-720-y-modelo-721\/#breadcrumb","itemListElement":[{"@type":"ListItem","position":1,"name":"Portada","item":"https:\/\/lladogrup.com\/es\/"},{"@type":"ListItem","position":2,"name":"\u00bfCu\u00e1ndo debo presentar el modelo 720 y modelo 721?"}]},{"@type":"WebSite","@id":"https:\/\/lladogrup.com\/#website","url":"https:\/\/lladogrup.com\/","name":"Llad\u00f3 Grup","description":"Consultoria i gestoria","potentialAction":[{"@type":"SearchAction","target":{"@type":"EntryPoint","urlTemplate":"https:\/\/lladogrup.com\/?s={search_term_string}"},"query-input":{"@type":"PropertyValueSpecification","valueRequired":true,"valueName":"search_term_string"}}],"inLanguage":"es"},{"@type":"Person","@id":"https:\/\/lladogrup.com\/#\/schema\/person\/35477a36207df973cc3e80a9de0728b7","name":"LladogrupEG","image":{"@type":"ImageObject","inLanguage":"es","@id":"https:\/\/secure.gravatar.com\/avatar\/7b7f8f8da21bbe9c24ab2e9aedcd8b42ba37b1d63f8950cbe1cd4d147be77597?s=96&d=mm&r=g","url":"https:\/\/secure.gravatar.com\/avatar\/7b7f8f8da21bbe9c24ab2e9aedcd8b42ba37b1d63f8950cbe1cd4d147be77597?s=96&d=mm&r=g","contentUrl":"https:\/\/secure.gravatar.com\/avatar\/7b7f8f8da21bbe9c24ab2e9aedcd8b42ba37b1d63f8950cbe1cd4d147be77597?s=96&d=mm&r=g","caption":"LladogrupEG"}}]}},"_links":{"self":[{"href":"https:\/\/lladogrup.com\/es\/wp-json\/wp\/v2\/posts\/84427","targetHints":{"allow":["GET"]}}],"collection":[{"href":"https:\/\/lladogrup.com\/es\/wp-json\/wp\/v2\/posts"}],"about":[{"href":"https:\/\/lladogrup.com\/es\/wp-json\/wp\/v2\/types\/post"}],"author":[{"embeddable":true,"href":"https:\/\/lladogrup.com\/es\/wp-json\/wp\/v2\/users\/1"}],"replies":[{"embeddable":true,"href":"https:\/\/lladogrup.com\/es\/wp-json\/wp\/v2\/comments?post=84427"}],"version-history":[{"count":6,"href":"https:\/\/lladogrup.com\/es\/wp-json\/wp\/v2\/posts\/84427\/revisions"}],"predecessor-version":[{"id":84440,"href":"https:\/\/lladogrup.com\/es\/wp-json\/wp\/v2\/posts\/84427\/revisions\/84440"}],"wp:featuredmedia":[{"embeddable":true,"href":"https:\/\/lladogrup.com\/es\/wp-json\/wp\/v2\/media\/84434"}],"wp:attachment":[{"href":"https:\/\/lladogrup.com\/es\/wp-json\/wp\/v2\/media?parent=84427"}],"wp:term":[{"taxonomy":"category","embeddable":true,"href":"https:\/\/lladogrup.com\/es\/wp-json\/wp\/v2\/categories?post=84427"},{"taxonomy":"post_tag","embeddable":true,"href":"https:\/\/lladogrup.com\/es\/wp-json\/wp\/v2\/tags?post=84427"}],"curies":[{"name":"wp","href":"https:\/\/api.w.org\/{rel}","templated":true}]}}