{"id":76257,"date":"2024-07-11T16:38:01","date_gmt":"2024-07-11T14:38:01","guid":{"rendered":"https:\/\/lladogrup.com\/?p=76257"},"modified":"2024-07-11T16:38:01","modified_gmt":"2024-07-11T14:38:01","slug":"empresas-solicitar-registro-delincuentes-sexuales-trabajadores","status":"publish","type":"post","link":"https:\/\/lladogrup.com\/es\/empresas-solicitar-registro-delincuentes-sexuales-trabajadores\/","title":{"rendered":"Las empresas podr\u00e1n solicitar la certificaci\u00f3n al Registro de delincuentes sexuales de sus trabajadores"},"content":{"rendered":"<div class=\"wpb-content-wrapper\"><p>[vc_row css=\u00bb.vc_custom_1631109896967{padding-bottom: 20px !important;}\u00bb][vc_column][vc_column_text css=\u00bb\u00bb]<\/p>\n<p style=\"text-align: justify;\"><strong>El Gobierno aprob\u00f3 un real decreto que permite pedir, con autorizaci\u00f3n del trabajador, un certificado de antecedentes penales \u201cen tiempo real\u201d cuando ello se exija para poder efectuar su trabajo. No obstante, en caso de que no exista dicha autorizaci\u00f3n, deber\u00e1 ser el propio interesado quien se dirija al registro para solicitar el certificado.<\/strong><\/p>\n<p style=\"text-align: justify;\">La novedad es que, hasta ahora el <strong>certificado negativo de antecedentes penales<\/strong> <strong>por delitos sexuales<\/strong>, requerimiento obligatorio para trabajar con ni\u00f1os y adolescentes, solo pod\u00eda ser solicitado por el interesado.<\/p>\n<p>[\/vc_column_text][\/vc_column][\/vc_row][vc_row css=\u00bb.vc_custom_1631109896967{padding-bottom: 20px !important;}\u00bb][vc_column][vc_btn title=\u00bbAsesoramiento laboral para empresas\u00bb color=\u00bbdanger\u00bb size=\u00bblg\u00bb align=\u00bbcenter\u00bb i_icon_fontawesome=\u00bbfas fa-mouse\u00bb css=\u00bb.vc_custom_1720436063143{margin-bottom: 40px !important;}\u00bb add_icon=\u00bbtrue\u00bb link=\u00bburl:https%3A%2F%2Flladogrup.com%2Fes%2Fpymes%2Fplan-laboral-para-pymes%2F|target:_blank\u00bb][\/vc_column][\/vc_row][vc_row css=\u00bb.vc_custom_1631109361052{padding-bottom: 20px !important;}\u00bb][vc_column]<div id=\"ultimate-heading-736469ee04d9479bf\" class=\"uvc-heading ult-adjust-bottom-margin ultimate-heading-736469ee04d9479bf uvc-2018 \" data-hspacer=\"no_spacer\"  data-halign=\"left\" style=\"text-align:left\"><div class=\"uvc-heading-spacer no_spacer\" style=\"top\"><\/div><div class=\"uvc-main-heading ult-responsive\"  data-ultimate-target='.uvc-heading.ultimate-heading-736469ee04d9479bf h2'  data-responsive-json-new='{\"font-size\":\"desktop:24px;\",\"line-height\":\"\"}' ><h2 style=\"font-weight:bold;color:#fe5d3a;margin-bottom:20px;\">Las claves del nuevo decreto <\/h2><\/div><\/div>[vc_column_text css=\u00bb\u00bb]<\/p>\n<ul>\n<li style=\"text-align: justify;\">Establece <strong>mecanismos para realizar la comprobaci\u00f3n automatizada y actualizada<\/strong> de la existencia de antecedentes por las administraciones, empresas, instituciones, ONGs o colegios profesionales u otras entidades con consentimiento del trabajador y obtener el certificado en tiempo real.<\/li>\n<\/ul>\n<p style=\"padding-left: 40px; text-align: justify;\">La regulaci\u00f3n tiene como objetivo disponer las empresas de la informaci\u00f3n a tiempo real y actualizada, debido qu\u00e9 en algunos casos anteriores se detectar\u00e1 que los delitos de \u00edndole sexual se produjeron con fecha posterior a la petici\u00f3n del certificado.<\/p>\n<p>[\/vc_column_text][\/vc_column][\/vc_row][vc_row][vc_column width=\u00bb2\/3&#8243;][vc_single_image image=\u00bb76264&#8243; img_size=\u00bbfull\u00bb add_caption=\u00bbyes\u00bb alignment=\u00bbcenter\u00bb css=\u00bb\u00bb][\/vc_column][vc_column width=\u00bb1\/3&#8243;]<div id=\"ultimate-heading-707869ee04d947a6b\" class=\"uvc-heading ult-adjust-bottom-margin ultimate-heading-707869ee04d947a6b uvc-3944  uvc-heading-default-font-sizes\" data-hspacer=\"no_spacer\"  data-halign=\"center\" style=\"text-align:center\"><div class=\"uvc-heading-spacer no_spacer\" style=\"top\"><\/div><div class=\"uvc-main-heading ult-responsive\"  data-ultimate-target='.uvc-heading.ultimate-heading-707869ee04d947a6b h3'  data-responsive-json-new='{\"font-size\":\"\",\"line-height\":\"\"}' ><h3 style=\"font-weight:bold;color:#fe5d3a;\">Subscr\u00edbete a nuestra newsletter<\/h3><\/div><\/div><p class=\"wpcf7-contact-form-not-found\"><strong>Error:<\/strong> Formulario de contacto no encontrado.<\/p>[\/vc_column][\/vc_row][vc_row css=\u00bb.vc_custom_1631109361052{padding-bottom: 20px !important;}\u00bb][vc_column][vc_column_text css=\u00bb\u00bb]<\/p>\n<ul>\n<li style=\"text-align: justify;\">Los <strong>menores a partir de 16 a\u00f1os que quieran trabajar podr\u00e1n solicitar directamente certificado de antecedentes no penales<\/strong>. \u00abA partir de 16 a\u00f1os se puede trabajar conforme al Estatuto de los Trabajadores, pero no se es mayor de edad hasta los 18, as\u00ed que, a partir de ahora, esos menores entre 16 y 18 a\u00f1os que, en muchas ocasiones, tienen trabajos que les hacen estar en contacto con menores como monitores en campamentos de verano o socorristas, pueden pedir directamente este <strong>certificado al registro<\/strong>\u00ab.<\/li>\n<\/ul>\n<p>&nbsp;<\/p>\n<ul>\n<li style=\"text-align: justify;\"><strong>Registros unificados en diferentes pas\u00edse de la UE. <\/strong>Otra de las novedades es la modificaci\u00f3n aprobada por el Consejo de ministros hace alusi\u00f3n al r\u00e9gimen de certificaci\u00f3n entre diferentes pa\u00edses de la Uni\u00f3n Europea para lo que se interconectar\u00e1 el registro de antecedentes penales europeo con el espa\u00f1ol, de tal manera que en un \u00fanico acto se realiza tanto el tr\u00e1mite en Espa\u00f1a como en el pa\u00eds europeo que corresponda. As\u00ed, \u00abun tr\u00e1mite que antes pod\u00eda durar semanas o meses, ahora en minutos se obtiene un certificado simult\u00e1neo del pa\u00eds de origen y de Espa\u00f1a\u00bb, ha argumentado el ministro.<\/li>\n<\/ul>\n<p>&nbsp;<\/p>\n<ul>\n<li style=\"text-align: justify;\">En cambio, para <strong>los ciudadanos de otra nacionalidad distinta a la de los paise de la UE<\/strong> ser\u00e1n ellos en todo caso quienes deber\u00e1n aportar certificaci\u00f3n expedida por las autoridades de su pais.<\/li>\n<\/ul>\n<p>[\/vc_column_text][\/vc_column][\/vc_row][vc_row full_width=\u00bbstretch_row\u00bb bg_type=\u00bbimage\u00bb bg_override=\u00bbfull\u00bb css=\u00bb.vc_custom_1704903641721{margin-bottom: 30px !important;background-color: #fff2ed !important;}\u00bb][vc_column][vc_row_inner css=\u00bb.vc_custom_1704899436080{margin-bottom: 30px !important;}\u00bb][vc_column_inner css=\u00bb.vc_custom_1704899344593{padding-right: 25px !important;padding-left: 30px !important;}\u00bb][vc_column_text css=\u00bb\u00bb]<\/p>\n<h3 class=\"form-control second-textarea\" style=\"text-align: center;\">\u00bfNecesitas asesoramiento laboral para tu empresa?<\/h3>\n<p>[\/vc_column_text][vc_column_text][\/vc_column_text]\n<div class=\"wpcf7 no-js\" id=\"wpcf7-f4-o1\" lang=\"es-ES\" dir=\"ltr\" data-wpcf7-id=\"4\">\n<div class=\"screen-reader-response\"><p role=\"status\" aria-live=\"polite\" aria-atomic=\"true\"><\/p> <ul><\/ul><\/div>\n<form action=\"\/es\/wp-json\/wp\/v2\/posts\/76257#wpcf7-f4-o1\" method=\"post\" class=\"wpcf7-form init 98099fcddabd cmatic-conn cmatic-aud-0 cmatic-mapd0-0 cmatic-v0978 cmatic-sent-0 cmatic-total-529\" aria-label=\"Formulario de contacto\" novalidate=\"novalidate\" data-status=\"init\">\n<fieldset class=\"hidden-fields-container\"><input type=\"hidden\" name=\"_wpcf7\" value=\"4\" \/><input type=\"hidden\" name=\"_wpcf7_version\" value=\"6.1.5\" \/><input type=\"hidden\" name=\"_wpcf7_locale\" value=\"es_ES\" \/><input type=\"hidden\" name=\"_wpcf7_unit_tag\" value=\"wpcf7-f4-o1\" \/><input type=\"hidden\" name=\"_wpcf7_container_post\" value=\"0\" \/><input type=\"hidden\" name=\"_wpcf7_posted_data_hash\" value=\"\" \/><input type=\"hidden\" name=\"_wpcf7_recaptcha_response\" value=\"\" \/>\n<\/fieldset>\n<p><label>Nombre*<br \/>\n<span class=\"wpcf7-form-control-wrap\" data-name=\"your-name\"><input size=\"40\" maxlength=\"400\" class=\"wpcf7-form-control wpcf7-text wpcf7-validates-as-required\" aria-required=\"true\" aria-invalid=\"false\" placeholder=\"Escribe tu nombre y apellidos\" value=\"\" type=\"text\" name=\"your-name\" \/><\/span><\/label>\n<\/p>\n<p><label>Email*<br \/>\n<span class=\"wpcf7-form-control-wrap\" data-name=\"your-email\"><input size=\"40\" maxlength=\"400\" class=\"wpcf7-form-control wpcf7-email wpcf7-validates-as-required wpcf7-text wpcf7-validates-as-email\" aria-required=\"true\" aria-invalid=\"false\" placeholder=\"Tu correo electr\u00f3nico\" value=\"\" type=\"email\" name=\"your-email\" \/><\/span><\/label>\n<\/p>\n<p><label>Tel\u00e9fono*<br \/>\n<span class=\"wpcf7-form-control-wrap\" data-name=\"llado-tel\"><input size=\"40\" maxlength=\"400\" class=\"wpcf7-form-control wpcf7-tel wpcf7-validates-as-required wpcf7-text wpcf7-validates-as-tel\" aria-required=\"true\" aria-invalid=\"false\" placeholder=\"Tu Tel\u00e9fono\" value=\"\" type=\"tel\" name=\"llado-tel\" \/><\/span><\/label>\n<\/p>\n<p><label>Mensaje<br \/>\n<span class=\"wpcf7-form-control-wrap\" data-name=\"llado-mensaje\"><textarea cols=\"40\" rows=\"5\" maxlength=\"2000\" class=\"wpcf7-form-control wpcf7-textarea wpcf7-validates-as-required\" aria-required=\"true\" aria-invalid=\"false\" placeholder=\"Motivo de la consulta\" name=\"llado-mensaje\"><\/textarea><\/span><\/label>\n<\/p>\n<p><span class=\"wpcf7-form-control-wrap\" data-name=\"acceptance-272\"><span class=\"wpcf7-form-control wpcf7-acceptance\"><span class=\"wpcf7-list-item\"><input type=\"checkbox\" name=\"acceptance-272\" value=\"1\" aria-invalid=\"false\" \/><\/span><\/span><\/span> He le\u00eddo y acepto la <a href=\"https:\/\/lladogrup.com\/es\/politica-de-privacidad\/\">Pol\u00edtica de Privacidad<\/a>\n<\/p>\n<p><span class=\"wpcf7-form-control-wrap\" data-name=\"acceptance-423\"><span class=\"wpcf7-form-control wpcf7-acceptance optional\"><span class=\"wpcf7-list-item\"><input type=\"checkbox\" name=\"acceptance-423\" value=\"1\" aria-invalid=\"false\" \/><\/span><\/span><\/span> Acepto recibir informaci\u00f3n sobre las actividades, servicios y productos de Llad\u00f3 Grup Consultor.\n<\/p>\n<p><span style=\"margin-top: 10px;\"><\/span>\n<\/p>\n\n<p><span style=\"margin-bottom: 10px;\"><\/span>\n<\/p>\n<p><input class=\"wpcf7-form-control wpcf7-submit has-spinner\" type=\"submit\" value=\"Enviar\" \/>\n<\/p><p style=\"display: none !important;\" class=\"akismet-fields-container\" data-prefix=\"_wpcf7_ak_\"><label>&#916;<textarea name=\"_wpcf7_ak_hp_textarea\" cols=\"45\" rows=\"8\" maxlength=\"100\"><\/textarea><\/label><input type=\"hidden\" id=\"ak_js_1\" name=\"_wpcf7_ak_js\" value=\"130\"\/><script>document.getElementById( \"ak_js_1\" ).setAttribute( \"value\", ( new Date() ).getTime() );<\/script><\/p><div class=\"wpcf7-response-output\" aria-hidden=\"true\"><\/div>\n<\/form>\n<\/div>\n[\/vc_column_inner][\/vc_row_inner][\/vc_column][\/vc_row][vc_row css=\u00bb.vc_custom_1631109361052{padding-bottom: 20px !important;}\u00bb][vc_column][vc_column_text css=\u00bb\u00bb]<\/p>\n<p style=\"text-align: justify;\">Desde <strong>Llad\u00f3 Grup\u00a0Consultor<\/strong> os ofrecemos un equipo de profesionales en el <strong>\u00e1rea laboral<\/strong> para asesorar tu empresa de la actualizaci\u00f3n de las <strong>normativas laborale<\/strong>s.<\/p>\n<p>[\/vc_column_text][\/vc_column][\/vc_row]<\/p>\n<\/div>","protected":false},"excerpt":{"rendered":"<p>[vc_row css=\u00bb.vc_custom_1631109896967{padding-bottom: 20px !important;}\u00bb][vc_column][vc_column_text css=\u00bb\u00bb] El Gobierno aprob\u00f3 un real decreto que permite pedir, con autorizaci\u00f3n del trabajador, un certificado de antecedentes penales \u201cen tiempo real\u201d cuando ello se exija para poder efectuar su trabajo. No obstante, en caso de que no exista dicha autorizaci\u00f3n, deber\u00e1 ser el propio interesado quien se dirija al registro&hellip;<\/p>\n","protected":false},"author":2,"featured_media":76266,"comment_status":"closed","ping_status":"closed","sticky":false,"template":"","format":"standard","meta":{"_joinchat":[],"footnotes":""},"categories":[614,613,615,626,617],"tags":[],"class_list":["post-76257","post","type-post","status-publish","format-standard","has-post-thumbnail","hentry","category-autonomos","category-clientes","category-gran-empresa-es","category-laboral-es","category-pymes","category-614","category-613","category-615","category-626","category-617","description-off"],"yoast_head":"<!-- This site is optimized with the Yoast SEO plugin v27.3 - https:\/\/yoast.com\/product\/yoast-seo-wordpress\/ -->\n<title>Solicitar datos en Registro de delincuentes sexuales -Llad\u00f3-<\/title>\n<meta name=\"description\" content=\"Si tu empresa trabaja con menores de edad, hay novedades en la solicitud de datos en el Registro de tus trabajadores. \u00a1Ases\u00f3rate!\" \/>\n<meta name=\"robots\" content=\"index, follow, max-snippet:-1, max-image-preview:large, max-video-preview:-1\" \/>\n<link rel=\"canonical\" href=\"https:\/\/lladogrup.com\/es\/empresas-solicitar-registro-delincuentes-sexuales-trabajadores\/\" \/>\n<meta property=\"og:locale\" content=\"es_ES\" \/>\n<meta property=\"og:type\" content=\"article\" \/>\n<meta property=\"og:title\" content=\"Solicitar datos en Registro de delincuentes sexuales -Llad\u00f3-\" \/>\n<meta property=\"og:description\" content=\"Si tu empresa trabaja con menores de edad, hay novedades en la solicitud de datos en el Registro de tus trabajadores. \u00a1Ases\u00f3rate!\" \/>\n<meta property=\"og:url\" content=\"https:\/\/lladogrup.com\/es\/empresas-solicitar-registro-delincuentes-sexuales-trabajadores\/\" \/>\n<meta property=\"og:site_name\" content=\"Llad\u00f3 Grup\" \/>\n<meta property=\"article:published_time\" content=\"2024-07-11T14:38:01+00:00\" \/>\n<meta property=\"og:image\" content=\"https:\/\/lladogrup.com\/wp-content\/uploads\/2024\/07\/20240710-Registre_delicuents_Sexuals-520x272-1.jpg\" \/>\n\t<meta property=\"og:image:width\" content=\"520\" \/>\n\t<meta property=\"og:image:height\" content=\"272\" \/>\n\t<meta property=\"og:image:type\" content=\"image\/jpeg\" \/>\n<meta name=\"author\" content=\"LladogrupSB\" \/>\n<meta name=\"twitter:card\" content=\"summary_large_image\" \/>\n<meta name=\"twitter:label1\" content=\"Escrito por\" \/>\n\t<meta name=\"twitter:data1\" content=\"LladogrupSB\" \/>\n\t<meta name=\"twitter:label2\" content=\"Tiempo de lectura\" \/>\n\t<meta name=\"twitter:data2\" content=\"4 minutos\" \/>\n<script type=\"application\/ld+json\" class=\"yoast-schema-graph\">{\"@context\":\"https:\\\/\\\/schema.org\",\"@graph\":[{\"@type\":\"Article\",\"@id\":\"https:\\\/\\\/lladogrup.com\\\/es\\\/empresas-solicitar-registro-delincuentes-sexuales-trabajadores\\\/#article\",\"isPartOf\":{\"@id\":\"https:\\\/\\\/lladogrup.com\\\/es\\\/empresas-solicitar-registro-delincuentes-sexuales-trabajadores\\\/\"},\"author\":{\"name\":\"LladogrupSB\",\"@id\":\"https:\\\/\\\/lladogrup.com\\\/#\\\/schema\\\/person\\\/fae891704510562cc35f2a910871bb7a\"},\"headline\":\"Las empresas podr\u00e1n solicitar la certificaci\u00f3n al Registro de delincuentes sexuales de sus trabajadores\",\"datePublished\":\"2024-07-11T14:38:01+00:00\",\"mainEntityOfPage\":{\"@id\":\"https:\\\/\\\/lladogrup.com\\\/es\\\/empresas-solicitar-registro-delincuentes-sexuales-trabajadores\\\/\"},\"wordCount\":758,\"image\":{\"@id\":\"https:\\\/\\\/lladogrup.com\\\/es\\\/empresas-solicitar-registro-delincuentes-sexuales-trabajadores\\\/#primaryimage\"},\"thumbnailUrl\":\"https:\\\/\\\/lladogrup.com\\\/wp-content\\\/uploads\\\/2024\\\/07\\\/20240710-Registre_delicuents_Sexuals-520x272-1.jpg\",\"articleSection\":[\"Aut\u00f3nomos\",\"Clientes\",\"Gran empresa\",\"Laboral\",\"Pymes\"],\"inLanguage\":\"es\"},{\"@type\":\"WebPage\",\"@id\":\"https:\\\/\\\/lladogrup.com\\\/es\\\/empresas-solicitar-registro-delincuentes-sexuales-trabajadores\\\/\",\"url\":\"https:\\\/\\\/lladogrup.com\\\/es\\\/empresas-solicitar-registro-delincuentes-sexuales-trabajadores\\\/\",\"name\":\"Solicitar datos en Registro de delincuentes sexuales -Llad\u00f3-\",\"isPartOf\":{\"@id\":\"https:\\\/\\\/lladogrup.com\\\/#website\"},\"primaryImageOfPage\":{\"@id\":\"https:\\\/\\\/lladogrup.com\\\/es\\\/empresas-solicitar-registro-delincuentes-sexuales-trabajadores\\\/#primaryimage\"},\"image\":{\"@id\":\"https:\\\/\\\/lladogrup.com\\\/es\\\/empresas-solicitar-registro-delincuentes-sexuales-trabajadores\\\/#primaryimage\"},\"thumbnailUrl\":\"https:\\\/\\\/lladogrup.com\\\/wp-content\\\/uploads\\\/2024\\\/07\\\/20240710-Registre_delicuents_Sexuals-520x272-1.jpg\",\"datePublished\":\"2024-07-11T14:38:01+00:00\",\"author\":{\"@id\":\"https:\\\/\\\/lladogrup.com\\\/#\\\/schema\\\/person\\\/fae891704510562cc35f2a910871bb7a\"},\"description\":\"Si tu empresa trabaja con menores de edad, hay novedades en la solicitud de datos en el Registro de tus trabajadores. \u00a1Ases\u00f3rate!\",\"breadcrumb\":{\"@id\":\"https:\\\/\\\/lladogrup.com\\\/es\\\/empresas-solicitar-registro-delincuentes-sexuales-trabajadores\\\/#breadcrumb\"},\"inLanguage\":\"es\",\"potentialAction\":[{\"@type\":\"ReadAction\",\"target\":[\"https:\\\/\\\/lladogrup.com\\\/es\\\/empresas-solicitar-registro-delincuentes-sexuales-trabajadores\\\/\"]}]},{\"@type\":\"ImageObject\",\"inLanguage\":\"es\",\"@id\":\"https:\\\/\\\/lladogrup.com\\\/es\\\/empresas-solicitar-registro-delincuentes-sexuales-trabajadores\\\/#primaryimage\",\"url\":\"https:\\\/\\\/lladogrup.com\\\/wp-content\\\/uploads\\\/2024\\\/07\\\/20240710-Registre_delicuents_Sexuals-520x272-1.jpg\",\"contentUrl\":\"https:\\\/\\\/lladogrup.com\\\/wp-content\\\/uploads\\\/2024\\\/07\\\/20240710-Registre_delicuents_Sexuals-520x272-1.jpg\",\"width\":520,\"height\":272,\"caption\":\"Solicitud en el Registro de delincuentes sexuales trabajadores Llado Grup\"},{\"@type\":\"BreadcrumbList\",\"@id\":\"https:\\\/\\\/lladogrup.com\\\/es\\\/empresas-solicitar-registro-delincuentes-sexuales-trabajadores\\\/#breadcrumb\",\"itemListElement\":[{\"@type\":\"ListItem\",\"position\":1,\"name\":\"Portada\",\"item\":\"https:\\\/\\\/lladogrup.com\\\/es\\\/\"},{\"@type\":\"ListItem\",\"position\":2,\"name\":\"Las empresas podr\u00e1n solicitar la certificaci\u00f3n al Registro de delincuentes sexuales de sus trabajadores\"}]},{\"@type\":\"WebSite\",\"@id\":\"https:\\\/\\\/lladogrup.com\\\/#website\",\"url\":\"https:\\\/\\\/lladogrup.com\\\/\",\"name\":\"Llad\u00f3 Grup\",\"description\":\"Consultoria i gestoria\",\"potentialAction\":[{\"@type\":\"SearchAction\",\"target\":{\"@type\":\"EntryPoint\",\"urlTemplate\":\"https:\\\/\\\/lladogrup.com\\\/?s={search_term_string}\"},\"query-input\":{\"@type\":\"PropertyValueSpecification\",\"valueRequired\":true,\"valueName\":\"search_term_string\"}}],\"inLanguage\":\"es\"},{\"@type\":\"Person\",\"@id\":\"https:\\\/\\\/lladogrup.com\\\/#\\\/schema\\\/person\\\/fae891704510562cc35f2a910871bb7a\",\"name\":\"LladogrupSB\",\"image\":{\"@type\":\"ImageObject\",\"inLanguage\":\"es\",\"@id\":\"https:\\\/\\\/secure.gravatar.com\\\/avatar\\\/e8dab0ac617b31013790aba77d3585a0fc0040d861b8f20b54660334fea26d66?s=96&d=mm&r=g\",\"url\":\"https:\\\/\\\/secure.gravatar.com\\\/avatar\\\/e8dab0ac617b31013790aba77d3585a0fc0040d861b8f20b54660334fea26d66?s=96&d=mm&r=g\",\"contentUrl\":\"https:\\\/\\\/secure.gravatar.com\\\/avatar\\\/e8dab0ac617b31013790aba77d3585a0fc0040d861b8f20b54660334fea26d66?s=96&d=mm&r=g\",\"caption\":\"LladogrupSB\"}}]}<\/script>\n<!-- \/ Yoast SEO plugin. -->","yoast_head_json":{"title":"Solicitar datos en Registro de delincuentes sexuales -Llad\u00f3-","description":"Si tu empresa trabaja con menores de edad, hay novedades en la solicitud de datos en el Registro de tus trabajadores. \u00a1Ases\u00f3rate!","robots":{"index":"index","follow":"follow","max-snippet":"max-snippet:-1","max-image-preview":"max-image-preview:large","max-video-preview":"max-video-preview:-1"},"canonical":"https:\/\/lladogrup.com\/es\/empresas-solicitar-registro-delincuentes-sexuales-trabajadores\/","og_locale":"es_ES","og_type":"article","og_title":"Solicitar datos en Registro de delincuentes sexuales -Llad\u00f3-","og_description":"Si tu empresa trabaja con menores de edad, hay novedades en la solicitud de datos en el Registro de tus trabajadores. \u00a1Ases\u00f3rate!","og_url":"https:\/\/lladogrup.com\/es\/empresas-solicitar-registro-delincuentes-sexuales-trabajadores\/","og_site_name":"Llad\u00f3 Grup","article_published_time":"2024-07-11T14:38:01+00:00","og_image":[{"width":520,"height":272,"url":"https:\/\/lladogrup.com\/wp-content\/uploads\/2024\/07\/20240710-Registre_delicuents_Sexuals-520x272-1.jpg","type":"image\/jpeg"}],"author":"LladogrupSB","twitter_card":"summary_large_image","twitter_misc":{"Escrito por":"LladogrupSB","Tiempo de lectura":"4 minutos"},"schema":{"@context":"https:\/\/schema.org","@graph":[{"@type":"Article","@id":"https:\/\/lladogrup.com\/es\/empresas-solicitar-registro-delincuentes-sexuales-trabajadores\/#article","isPartOf":{"@id":"https:\/\/lladogrup.com\/es\/empresas-solicitar-registro-delincuentes-sexuales-trabajadores\/"},"author":{"name":"LladogrupSB","@id":"https:\/\/lladogrup.com\/#\/schema\/person\/fae891704510562cc35f2a910871bb7a"},"headline":"Las empresas podr\u00e1n solicitar la certificaci\u00f3n al Registro de delincuentes sexuales de sus trabajadores","datePublished":"2024-07-11T14:38:01+00:00","mainEntityOfPage":{"@id":"https:\/\/lladogrup.com\/es\/empresas-solicitar-registro-delincuentes-sexuales-trabajadores\/"},"wordCount":758,"image":{"@id":"https:\/\/lladogrup.com\/es\/empresas-solicitar-registro-delincuentes-sexuales-trabajadores\/#primaryimage"},"thumbnailUrl":"https:\/\/lladogrup.com\/wp-content\/uploads\/2024\/07\/20240710-Registre_delicuents_Sexuals-520x272-1.jpg","articleSection":["Aut\u00f3nomos","Clientes","Gran empresa","Laboral","Pymes"],"inLanguage":"es"},{"@type":"WebPage","@id":"https:\/\/lladogrup.com\/es\/empresas-solicitar-registro-delincuentes-sexuales-trabajadores\/","url":"https:\/\/lladogrup.com\/es\/empresas-solicitar-registro-delincuentes-sexuales-trabajadores\/","name":"Solicitar datos en Registro de delincuentes sexuales -Llad\u00f3-","isPartOf":{"@id":"https:\/\/lladogrup.com\/#website"},"primaryImageOfPage":{"@id":"https:\/\/lladogrup.com\/es\/empresas-solicitar-registro-delincuentes-sexuales-trabajadores\/#primaryimage"},"image":{"@id":"https:\/\/lladogrup.com\/es\/empresas-solicitar-registro-delincuentes-sexuales-trabajadores\/#primaryimage"},"thumbnailUrl":"https:\/\/lladogrup.com\/wp-content\/uploads\/2024\/07\/20240710-Registre_delicuents_Sexuals-520x272-1.jpg","datePublished":"2024-07-11T14:38:01+00:00","author":{"@id":"https:\/\/lladogrup.com\/#\/schema\/person\/fae891704510562cc35f2a910871bb7a"},"description":"Si tu empresa trabaja con menores de edad, hay novedades en la solicitud de datos en el Registro de tus trabajadores. \u00a1Ases\u00f3rate!","breadcrumb":{"@id":"https:\/\/lladogrup.com\/es\/empresas-solicitar-registro-delincuentes-sexuales-trabajadores\/#breadcrumb"},"inLanguage":"es","potentialAction":[{"@type":"ReadAction","target":["https:\/\/lladogrup.com\/es\/empresas-solicitar-registro-delincuentes-sexuales-trabajadores\/"]}]},{"@type":"ImageObject","inLanguage":"es","@id":"https:\/\/lladogrup.com\/es\/empresas-solicitar-registro-delincuentes-sexuales-trabajadores\/#primaryimage","url":"https:\/\/lladogrup.com\/wp-content\/uploads\/2024\/07\/20240710-Registre_delicuents_Sexuals-520x272-1.jpg","contentUrl":"https:\/\/lladogrup.com\/wp-content\/uploads\/2024\/07\/20240710-Registre_delicuents_Sexuals-520x272-1.jpg","width":520,"height":272,"caption":"Solicitud en el Registro de delincuentes sexuales trabajadores Llado Grup"},{"@type":"BreadcrumbList","@id":"https:\/\/lladogrup.com\/es\/empresas-solicitar-registro-delincuentes-sexuales-trabajadores\/#breadcrumb","itemListElement":[{"@type":"ListItem","position":1,"name":"Portada","item":"https:\/\/lladogrup.com\/es\/"},{"@type":"ListItem","position":2,"name":"Las empresas podr\u00e1n solicitar la certificaci\u00f3n al Registro de delincuentes sexuales de sus trabajadores"}]},{"@type":"WebSite","@id":"https:\/\/lladogrup.com\/#website","url":"https:\/\/lladogrup.com\/","name":"Llad\u00f3 Grup","description":"Consultoria i gestoria","potentialAction":[{"@type":"SearchAction","target":{"@type":"EntryPoint","urlTemplate":"https:\/\/lladogrup.com\/?s={search_term_string}"},"query-input":{"@type":"PropertyValueSpecification","valueRequired":true,"valueName":"search_term_string"}}],"inLanguage":"es"},{"@type":"Person","@id":"https:\/\/lladogrup.com\/#\/schema\/person\/fae891704510562cc35f2a910871bb7a","name":"LladogrupSB","image":{"@type":"ImageObject","inLanguage":"es","@id":"https:\/\/secure.gravatar.com\/avatar\/e8dab0ac617b31013790aba77d3585a0fc0040d861b8f20b54660334fea26d66?s=96&d=mm&r=g","url":"https:\/\/secure.gravatar.com\/avatar\/e8dab0ac617b31013790aba77d3585a0fc0040d861b8f20b54660334fea26d66?s=96&d=mm&r=g","contentUrl":"https:\/\/secure.gravatar.com\/avatar\/e8dab0ac617b31013790aba77d3585a0fc0040d861b8f20b54660334fea26d66?s=96&d=mm&r=g","caption":"LladogrupSB"}}]}},"_links":{"self":[{"href":"https:\/\/lladogrup.com\/es\/wp-json\/wp\/v2\/posts\/76257","targetHints":{"allow":["GET"]}}],"collection":[{"href":"https:\/\/lladogrup.com\/es\/wp-json\/wp\/v2\/posts"}],"about":[{"href":"https:\/\/lladogrup.com\/es\/wp-json\/wp\/v2\/types\/post"}],"author":[{"embeddable":true,"href":"https:\/\/lladogrup.com\/es\/wp-json\/wp\/v2\/users\/2"}],"replies":[{"embeddable":true,"href":"https:\/\/lladogrup.com\/es\/wp-json\/wp\/v2\/comments?post=76257"}],"version-history":[{"count":6,"href":"https:\/\/lladogrup.com\/es\/wp-json\/wp\/v2\/posts\/76257\/revisions"}],"predecessor-version":[{"id":76270,"href":"https:\/\/lladogrup.com\/es\/wp-json\/wp\/v2\/posts\/76257\/revisions\/76270"}],"wp:featuredmedia":[{"embeddable":true,"href":"https:\/\/lladogrup.com\/es\/wp-json\/wp\/v2\/media\/76266"}],"wp:attachment":[{"href":"https:\/\/lladogrup.com\/es\/wp-json\/wp\/v2\/media?parent=76257"}],"wp:term":[{"taxonomy":"category","embeddable":true,"href":"https:\/\/lladogrup.com\/es\/wp-json\/wp\/v2\/categories?post=76257"},{"taxonomy":"post_tag","embeddable":true,"href":"https:\/\/lladogrup.com\/es\/wp-json\/wp\/v2\/tags?post=76257"}],"curies":[{"name":"wp","href":"https:\/\/api.w.org\/{rel}","templated":true}]}}