{"id":74393,"date":"2024-04-03T13:32:43","date_gmt":"2024-04-03T11:32:43","guid":{"rendered":"https:\/\/lladogrup.com\/?p=74393"},"modified":"2024-04-23T13:49:21","modified_gmt":"2024-04-23T11:49:21","slug":"novedades-en-la-declaracion-de-la-renta-ejercicio-2023","status":"publish","type":"post","link":"https:\/\/lladogrup.com\/es\/novedades-en-la-declaracion-de-la-renta-ejercicio-2023\/","title":{"rendered":"Novedades en la declaraci\u00f3n de la renta ejercicio 2023"},"content":{"rendered":"<div class=\"wpb-content-wrapper\"><p>[vc_row css=\u00bb.vc_custom_1631109896967{padding-bottom: 20px !important;}\u00bb][vc_column][vc_column_text]<\/p>\n<p style=\"text-align: justify;\"><strong>La Declaraci\u00f3n de la Renta del ejercicio 2023, una obligaci\u00f3n que se debe tener en cuenta desde hoy mismo todos los contribuyentes. <\/strong><\/p>\n<p style=\"text-align: justify;\">A continuaci\u00f3n, te explicamos las principales novedades que debes conocer para preparar la Declaraci\u00f3n y a poder ser siempre aconsejamos con el asesoramiento y acompa\u00f1amiento de profesionales.<\/p>\n<p>[\/vc_column_text][\/vc_column][\/vc_row][vc_row css=\u00bb.vc_custom_1631109361052{padding-bottom: 20px !important;}\u00bb][vc_column]<div id=\"ultimate-heading-275769f26f7c337c5\" class=\"uvc-heading ult-adjust-bottom-margin ultimate-heading-275769f26f7c337c5 uvc-7472 \" data-hspacer=\"no_spacer\"  data-halign=\"left\" style=\"text-align:left\"><div class=\"uvc-heading-spacer no_spacer\" style=\"top\"><\/div><div class=\"uvc-main-heading ult-responsive\"  data-ultimate-target='.uvc-heading.ultimate-heading-275769f26f7c337c5 h2'  data-responsive-json-new='{\"font-size\":\"desktop:24px;\",\"line-height\":\"\"}' ><h2 style=\"font-weight:bold;color:#fe5d3a;margin-bottom:20px;\">Fechas claves para la presentaci\u00f3n de la Declaraci\u00f3n de la Renta 2023<\/h2><\/div><\/div>[vc_column_text]<\/p>\n<ul>\n<li><strong>3 de abril hasta el 1 de julio de 2024<\/strong>: presentaci\u00f3n por Internet de las declaraciones de Renta y Patrimonio 2023.<\/li>\n<li><strong>7 de mayo hasta el 1 de julio de 2024<\/strong>: solicitud de cita previa y apertura del plazo para presentar la declaraci\u00f3n de la renta v\u00eda telef\u00f3nica.<\/li>\n<li><strong>3 de junio hasta el 1 de julio de 2024<\/strong>: empieza el plazo para presentar la Declaraci\u00f3n de la Renta de forma presencial.<\/li>\n<li><strong>1 de julio de 2024<\/strong>: finaliza el plazo para presentar la declaraci\u00f3n de la renta por cualquiera de las v\u00edas.<\/li>\n<\/ul>\n<p>[\/vc_column_text][\/vc_column][\/vc_row][vc_row css=\u00bb.vc_custom_1631109896967{padding-bottom: 20px !important;}\u00bb][vc_column][vc_btn title=\u00bbAsesoramiento fiscal para tu Renta.\u00bb color=\u00bbdanger\u00bb size=\u00bblg\u00bb align=\u00bbcenter\u00bb i_icon_fontawesome=\u00bbfas fa-mouse\u00bb add_icon=\u00bbtrue\u00bb link=\u00bburl:https%3A%2F%2Flladogrup.com%2Fes%2Flanding%2Fcampana-renta%2F|target:_blank\u00bb css=\u00bb.vc_custom_1713872955975{margin-bottom: 40px !important;}\u00bb][\/vc_column][\/vc_row][vc_row css=\u00bb.vc_custom_1631109361052{padding-bottom: 20px !important;}\u00bb][vc_column]<div id=\"ultimate-heading-710569f26f7c33870\" class=\"uvc-heading ult-adjust-bottom-margin ultimate-heading-710569f26f7c33870 uvc-4675 \" data-hspacer=\"no_spacer\"  data-halign=\"left\" style=\"text-align:left\"><div class=\"uvc-heading-spacer no_spacer\" style=\"top\"><\/div><div class=\"uvc-main-heading ult-responsive\"  data-ultimate-target='.uvc-heading.ultimate-heading-710569f26f7c33870 h2'  data-responsive-json-new='{\"font-size\":\"desktop:24px;\",\"line-height\":\"\"}' ><h2 style=\"font-weight:bold;color:#fe5d3a;margin-bottom:20px;\">L\u00edmite para estar obligado a presentar la Declaraci\u00f3n de la Renta<\/h2><\/div><\/div>[vc_column_text]<\/p>\n<p style=\"text-align: justify;\">El l\u00edmite para este a\u00f1o en la obligaci\u00f3n de declarar cuando son dos o m\u00e1s pagadores el <strong>l\u00edmite excluyente en el caso de percibir rentas del trabajo a 15.000 euros<\/strong>, (anteriormente era de 14.000 euros).<\/p>\n<p>En caso de <strong>un pagador<\/strong> los rendimientos del trabajo son <strong>22.000\u20ac.<\/strong>[\/vc_column_text][\/vc_column][\/vc_row][vc_row css=\u00bb.vc_custom_1631109361052{padding-bottom: 20px !important;}\u00bb][vc_column]<div id=\"ultimate-heading-327269f26f7c338d9\" class=\"uvc-heading ult-adjust-bottom-margin ultimate-heading-327269f26f7c338d9 uvc-4636 \" data-hspacer=\"no_spacer\"  data-halign=\"left\" style=\"text-align:left\"><div class=\"uvc-heading-spacer no_spacer\" style=\"top\"><\/div><div class=\"uvc-main-heading ult-responsive\"  data-ultimate-target='.uvc-heading.ultimate-heading-327269f26f7c338d9 h2'  data-responsive-json-new='{\"font-size\":\"desktop:24px;\",\"line-height\":\"\"}' ><h2 style=\"font-weight:bold;color:#fe5d3a;margin-bottom:20px;\">Presentaci\u00f3n de la Declaraci\u00f3n de la Renta para aut\u00f3nomos<\/h2><\/div><\/div>[vc_column_text]<\/p>\n<p style=\"text-align: justify;\">Para este ejercicio destacar que est\u00e1n <strong>obligados a presentar la Declaraci\u00f3n de la Renta<\/strong>, independientemente de sus ingresos.<\/p>\n<p style=\"text-align: justify;\">Como tambi\u00e9n es obligaci\u00f3n de declarar, para todas aquellas personas f\u00edsicas que en cualquier momento del periodo impositivo hubieran estado de alta, como trabajadores por cuenta propia, en el RETA o R\u00e9gimen especial de Trabajadores del Mar, anteriormente solo deb\u00edan declarar si obten\u00edan un <strong>rendimiento superior a 1.000 euros<\/strong>.<\/p>\n<p>[\/vc_column_text][\/vc_column][\/vc_row][vc_row css=\u00bb.vc_custom_1631109361052{padding-bottom: 20px !important;}\u00bb][vc_column]<div id=\"ultimate-heading-945369f26f7c33939\" class=\"uvc-heading ult-adjust-bottom-margin ultimate-heading-945369f26f7c33939 uvc-2462 \" data-hspacer=\"no_spacer\"  data-halign=\"left\" style=\"text-align:left\"><div class=\"uvc-heading-spacer no_spacer\" style=\"top\"><\/div><div class=\"uvc-main-heading ult-responsive\"  data-ultimate-target='.uvc-heading.ultimate-heading-945369f26f7c33939 h2'  data-responsive-json-new='{\"font-size\":\"desktop:24px;\",\"line-height\":\"\"}' ><h2 style=\"font-weight:bold;color:#fe5d3a;margin-bottom:20px;\">Presentaci\u00f3n de la Declaraci\u00f3n de la Renta para aquellos con el m\u00e9todo de estimaci\u00f3n directa simplificada<\/h2><\/div><\/div>[vc_column_text]<\/p>\n<p style=\"text-align: justify;\">Reducci\u00f3n para empresarios o profesionales que determinen su <strong>rendimiento neto por el m\u00e9todo de estimaci\u00f3n directa simplificada<\/strong>, el porcentaje de provisiones deducibles y gastos de dif\u00edcil justificaci\u00f3n ser\u00e1 del <strong>7% y m\u00e1ximo 2.000 euros<\/strong>.<\/p>\n<p>[\/vc_column_text][\/vc_column][\/vc_row][vc_row css=\u00bb.vc_custom_1631109361052{padding-bottom: 20px !important;}\u00bb][vc_column]<div id=\"ultimate-heading-772969f26f7c33995\" class=\"uvc-heading ult-adjust-bottom-margin ultimate-heading-772969f26f7c33995 uvc-627 \" data-hspacer=\"no_spacer\"  data-halign=\"left\" style=\"text-align:left\"><div class=\"uvc-heading-spacer no_spacer\" style=\"top\"><\/div><div class=\"uvc-main-heading ult-responsive\"  data-ultimate-target='.uvc-heading.ultimate-heading-772969f26f7c33995 h2'  data-responsive-json-new='{\"font-size\":\"desktop:24px;\",\"line-height\":\"\"}' ><h2 style=\"font-weight:bold;color:#fe5d3a;margin-bottom:20px;\">Presentaci\u00f3n de la Declaraci\u00f3n de la Renta con nuevos tipos de gravamen en la escala de ahorro<\/h2><\/div><\/div>[vc_column_text]<\/p>\n<p style=\"text-align: justify;\">Se regulan <strong>nuevos tipos de gravamen en la escala de ahorro<\/strong>, se modifica la escala que se aplica a la base liquidable del ahorro para determinar la cuota \u00edntegra, a\u00f1adiendo una nueva escala con un tipo aplicable del <strong>27% si supera los 200.000 euros<\/strong> y con <strong>tipo del 28% para la base liquidable superior a los 300.000 euros<\/strong>.<\/p>\n<p>[\/vc_column_text][\/vc_column][\/vc_row][vc_row][vc_column width=\u00bb2\/3&#8243;][vc_single_image image=\u00bb74400&#8243; img_size=\u00bbfull\u00bb add_caption=\u00bbyes\u00bb alignment=\u00bbcenter\u00bb][\/vc_column][vc_column width=\u00bb1\/3&#8243;]<div id=\"ultimate-heading-721069f26f7c339f0\" class=\"uvc-heading ult-adjust-bottom-margin ultimate-heading-721069f26f7c339f0 uvc-8013  uvc-heading-default-font-sizes\" data-hspacer=\"no_spacer\"  data-halign=\"center\" style=\"text-align:center\"><div class=\"uvc-heading-spacer no_spacer\" style=\"top\"><\/div><div class=\"uvc-main-heading ult-responsive\"  data-ultimate-target='.uvc-heading.ultimate-heading-721069f26f7c339f0 h3'  data-responsive-json-new='{\"font-size\":\"\",\"line-height\":\"\"}' ><h3 style=\"font-weight:bold;color:#fe5d3a;\">Subscr\u00edbete a nuestra newsletter<\/h3><\/div><\/div><p class=\"wpcf7-contact-form-not-found\"><strong>Error:<\/strong> Formulario de contacto no encontrado.<\/p>[\/vc_column][\/vc_row][vc_row css=\u00bb.vc_custom_1631109361052{padding-bottom: 20px !important;}\u00bb][vc_column]<div id=\"ultimate-heading-13469f26f7c33b85\" class=\"uvc-heading ult-adjust-bottom-margin ultimate-heading-13469f26f7c33b85 uvc-8551 \" data-hspacer=\"no_spacer\"  data-halign=\"left\" style=\"text-align:left\"><div class=\"uvc-heading-spacer no_spacer\" style=\"top\"><\/div><div class=\"uvc-main-heading ult-responsive\"  data-ultimate-target='.uvc-heading.ultimate-heading-13469f26f7c33b85 h2'  data-responsive-json-new='{\"font-size\":\"desktop:24px;\",\"line-height\":\"\"}' ><h2 style=\"font-weight:bold;color:#fe5d3a;margin-bottom:20px;\">Asignaciones para gastos de locomoci\u00f3n<\/h2><\/div><\/div>[vc_column_text]<\/p>\n<p style=\"text-align: justify;\">Se eleva de <strong>0,19 euros a 0,26 euros por kil\u00f3metro<\/strong> recorrido la cantidad exceptuada de gravamen para <strong>compensar los gastos de locomoci\u00f3n<\/strong>.<\/p>\n<p>[\/vc_column_text][\/vc_column][\/vc_row][vc_row css=\u00bb.vc_custom_1631109361052{padding-bottom: 20px !important;}\u00bb][vc_column]<div id=\"ultimate-heading-774569f26f7c33bfd\" class=\"uvc-heading ult-adjust-bottom-margin ultimate-heading-774569f26f7c33bfd uvc-9751 \" data-hspacer=\"no_spacer\"  data-halign=\"left\" style=\"text-align:left\"><div class=\"uvc-heading-spacer no_spacer\" style=\"top\"><\/div><div class=\"uvc-main-heading ult-responsive\"  data-ultimate-target='.uvc-heading.ultimate-heading-774569f26f7c33bfd h2'  data-responsive-json-new='{\"font-size\":\"desktop:24px;\",\"line-height\":\"\"}' ><h2 style=\"font-weight:bold;color:#fe5d3a;margin-bottom:20px;\">Deducci\u00f3n por donativos<\/h2><\/div><\/div>[vc_column_text]<\/p>\n<ul>\n<li style=\"text-align: justify;\">Se modifica la <strong>deducci\u00f3n por donativos incrementando el porcentaje del 35% actual al 40%<\/strong>.<\/li>\n<li style=\"text-align: justify;\">Se ampl\u00eda la cuant\u00eda del <strong>primer tramo de base a la deducci\u00f3n <\/strong>a la que se aplica un porcentaje del 80% de 150 a 250 euros.<\/li>\n<\/ul>\n<table>\n<tbody>\n<tr>\n<td width=\"283\">\n<p style=\"text-align: center;\"><strong>Base de deducci\u00f3n importe hasta<\/strong><\/p>\n<\/td>\n<td style=\"text-align: center;\" width=\"283\"><strong>Porcentaje de deducci\u00f3n<\/strong><\/td>\n<\/tr>\n<tr>\n<td style=\"text-align: center;\" width=\"283\">250 euros<\/td>\n<td style=\"text-align: center;\" width=\"283\">80<\/td>\n<\/tr>\n<tr>\n<td style=\"text-align: center;\" width=\"283\">Resto de base deducci\u00f3n<\/td>\n<td width=\"283\">\n<p style=\"text-align: center;\">40<\/p>\n<\/td>\n<\/tr>\n<\/tbody>\n<\/table>\n<p>&nbsp;<\/p>\n<ul>\n<li>Se <strong>reduce de 4 a 3 a\u00f1os de recurrencia<\/strong>, el n\u00famero de ejercicios para disfrutar del incremento de 5 puntos porcentuales, porcentaje que queda incrementado al 45%.<\/li>\n<\/ul>\n<p>[\/vc_column_text][\/vc_column][\/vc_row][vc_row css=\u00bb.vc_custom_1631109361052{padding-bottom: 20px !important;}\u00bb][vc_column]<div id=\"ultimate-heading-44769f26f7c33c5b\" class=\"uvc-heading ult-adjust-bottom-margin ultimate-heading-44769f26f7c33c5b uvc-738 \" data-hspacer=\"no_spacer\"  data-halign=\"left\" style=\"text-align:left\"><div class=\"uvc-heading-spacer no_spacer\" style=\"top\"><\/div><div class=\"uvc-main-heading ult-responsive\"  data-ultimate-target='.uvc-heading.ultimate-heading-44769f26f7c33c5b h2'  data-responsive-json-new='{\"font-size\":\"desktop:24px;\",\"line-height\":\"\"}' ><h2 style=\"font-weight:bold;color:#fe5d3a;margin-bottom:20px;\">Reducci\u00f3n por arrendamiento de vivienda<\/h2><\/div><\/div>[vc_column_text]Se aplica una nueva <strong>reducci\u00f3n por arrendamiento de vivienda<\/strong> para los <strong>contratos celebrados desde 1\/1\/2024<\/strong>.<\/p>\n<p>&nbsp;<\/p>\n<p>Se <strong>modifica la actual reducci\u00f3n del 60%,<\/strong> estableci\u00e9ndose los siguientes l\u00edmites:<\/p>\n<ul>\n<li style=\"text-align: justify;\">90% cuando se haya formalizado un nuevo contrato arrendamiento sobre vivienda en mercado tensionado, con una reducci\u00f3n de renta de al menos 5% sobre el contrato anterior.<\/li>\n<li style=\"text-align: justify;\">70%, no cumpli\u00e9ndose los requisitos del punto anterior, incorporaci\u00f3n al mercado de viviendas en zonas tensionadas destinadas al alquiler a j\u00f3venes entre 18 y 35 a\u00f1os.<\/li>\n<li style=\"text-align: justify;\">60%, no cumpli\u00e9ndose los requisitos del punto primero, las viviendas hayan sido objeto de rehabilitaci\u00f3n en los dos a\u00f1os anteriores a la fecha de celebraci\u00f3n del contrato.<\/li>\n<li style=\"text-align: justify;\">50% en los casos restantes.<\/li>\n<\/ul>\n<p>[\/vc_column_text][\/vc_column][\/vc_row][vc_row css=\u00bb.vc_custom_1631109361052{padding-bottom: 20px !important;}\u00bb][vc_column]<div id=\"ultimate-heading-367369f26f7c33cb5\" class=\"uvc-heading ult-adjust-bottom-margin ultimate-heading-367369f26f7c33cb5 uvc-5569 \" data-hspacer=\"no_spacer\"  data-halign=\"left\" style=\"text-align:left\"><div class=\"uvc-heading-spacer no_spacer\" style=\"top\"><\/div><div class=\"uvc-main-heading ult-responsive\"  data-ultimate-target='.uvc-heading.ultimate-heading-367369f26f7c33cb5 h2'  data-responsive-json-new='{\"font-size\":\"desktop:24px;\",\"line-height\":\"\"}' ><h2 style=\"font-weight:bold;color:#fe5d3a;margin-bottom:20px;\">Deducci\u00f3n para promover la adquisici\u00f3n de veh\u00edculos el\u00e9ctricos<\/h2><\/div><\/div>[vc_column_text]<\/p>\n<p style=\"text-align: justify;\">Creaci\u00f3n de dos nuevas <strong>deducciones para promover la adquisici\u00f3n por particulares de veh\u00edculos el\u00e9ctricos<\/strong> no afectos a actividad econ\u00f3mica e instalaci\u00f3n de infraestructuras de recarga.<\/p>\n<p>[\/vc_column_text][\/vc_column][\/vc_row][vc_row full_width=\u00bbstretch_row\u00bb bg_type=\u00bbimage\u00bb bg_override=\u00bbfull\u00bb css=\u00bb.vc_custom_1704903641721{margin-bottom: 30px !important;background-color: #fff2ed !important;}\u00bb][vc_column][vc_row_inner css=\u00bb.vc_custom_1704899436080{margin-bottom: 30px !important;}\u00bb][vc_column_inner width=\u00bb2\/4&#8243; css=\u00bb.vc_custom_1707317412249{padding-right: 25px !important;padding-left: 30px !important;}\u00bb offset=\u00bbvc_col-lg-offset-3&#8243;][vc_column_text]<\/p>\n<h3 class=\"form-control second-textarea\" style=\"text-align: center;\"><strong>\u00bfTienes alguna duda sobre tu Declaraci\u00f3n de la Renta ?<\/strong><\/h3>\n<p>[\/vc_column_text][vc_column_text][\/vc_column_text]\n<div class=\"wpcf7 no-js\" id=\"wpcf7-f4-o1\" lang=\"es-ES\" dir=\"ltr\" data-wpcf7-id=\"4\">\n<div class=\"screen-reader-response\"><p role=\"status\" aria-live=\"polite\" aria-atomic=\"true\"><\/p> <ul><\/ul><\/div>\n<form action=\"\/es\/wp-json\/wp\/v2\/posts\/74393#wpcf7-f4-o1\" method=\"post\" class=\"wpcf7-form init 98099fcddabd cmatic-conn cmatic-aud-0 cmatic-mapd0-0 cmatic-v0978 cmatic-sent-0 cmatic-total-529\" aria-label=\"Formulario de contacto\" novalidate=\"novalidate\" data-status=\"init\">\n<fieldset class=\"hidden-fields-container\"><input type=\"hidden\" name=\"_wpcf7\" value=\"4\" \/><input type=\"hidden\" name=\"_wpcf7_version\" value=\"6.1.5\" \/><input type=\"hidden\" name=\"_wpcf7_locale\" value=\"es_ES\" \/><input type=\"hidden\" name=\"_wpcf7_unit_tag\" value=\"wpcf7-f4-o1\" \/><input type=\"hidden\" name=\"_wpcf7_container_post\" value=\"0\" \/><input type=\"hidden\" name=\"_wpcf7_posted_data_hash\" value=\"\" \/><input type=\"hidden\" name=\"_wpcf7_recaptcha_response\" value=\"\" \/>\n<\/fieldset>\n<p><label>Nombre*<br \/>\n<span class=\"wpcf7-form-control-wrap\" data-name=\"your-name\"><input size=\"40\" maxlength=\"400\" class=\"wpcf7-form-control wpcf7-text wpcf7-validates-as-required\" aria-required=\"true\" aria-invalid=\"false\" placeholder=\"Escribe tu nombre y apellidos\" value=\"\" type=\"text\" name=\"your-name\" \/><\/span><\/label>\n<\/p>\n<p><label>Email*<br \/>\n<span class=\"wpcf7-form-control-wrap\" data-name=\"your-email\"><input size=\"40\" maxlength=\"400\" class=\"wpcf7-form-control wpcf7-email wpcf7-validates-as-required wpcf7-text wpcf7-validates-as-email\" aria-required=\"true\" aria-invalid=\"false\" placeholder=\"Tu correo electr\u00f3nico\" value=\"\" type=\"email\" name=\"your-email\" \/><\/span><\/label>\n<\/p>\n<p><label>Tel\u00e9fono*<br \/>\n<span class=\"wpcf7-form-control-wrap\" data-name=\"llado-tel\"><input size=\"40\" maxlength=\"400\" class=\"wpcf7-form-control wpcf7-tel wpcf7-validates-as-required wpcf7-text wpcf7-validates-as-tel\" aria-required=\"true\" aria-invalid=\"false\" placeholder=\"Tu Tel\u00e9fono\" value=\"\" type=\"tel\" name=\"llado-tel\" \/><\/span><\/label>\n<\/p>\n<p><label>Mensaje<br \/>\n<span class=\"wpcf7-form-control-wrap\" data-name=\"llado-mensaje\"><textarea cols=\"40\" rows=\"5\" maxlength=\"2000\" class=\"wpcf7-form-control wpcf7-textarea wpcf7-validates-as-required\" aria-required=\"true\" aria-invalid=\"false\" placeholder=\"Motivo de la consulta\" name=\"llado-mensaje\"><\/textarea><\/span><\/label>\n<\/p>\n<p><span class=\"wpcf7-form-control-wrap\" data-name=\"acceptance-272\"><span class=\"wpcf7-form-control wpcf7-acceptance\"><span class=\"wpcf7-list-item\"><input type=\"checkbox\" name=\"acceptance-272\" value=\"1\" aria-invalid=\"false\" \/><\/span><\/span><\/span> He le\u00eddo y acepto la <a href=\"https:\/\/lladogrup.com\/es\/politica-de-privacidad\/\">Pol\u00edtica de Privacidad<\/a>\n<\/p>\n<p><span class=\"wpcf7-form-control-wrap\" data-name=\"acceptance-423\"><span class=\"wpcf7-form-control wpcf7-acceptance optional\"><span class=\"wpcf7-list-item\"><input type=\"checkbox\" name=\"acceptance-423\" value=\"1\" aria-invalid=\"false\" \/><\/span><\/span><\/span> Acepto recibir informaci\u00f3n sobre las actividades, servicios y productos de Llad\u00f3 Grup Consultor.\n<\/p>\n<p><span style=\"margin-top: 10px;\"><\/span>\n<\/p>\n\n<p><span style=\"margin-bottom: 10px;\"><\/span>\n<\/p>\n<p><input class=\"wpcf7-form-control wpcf7-submit has-spinner\" type=\"submit\" value=\"Enviar\" \/>\n<\/p><p style=\"display: none !important;\" class=\"akismet-fields-container\" data-prefix=\"_wpcf7_ak_\"><label>&#916;<textarea name=\"_wpcf7_ak_hp_textarea\" cols=\"45\" rows=\"8\" maxlength=\"100\"><\/textarea><\/label><input type=\"hidden\" id=\"ak_js_1\" name=\"_wpcf7_ak_js\" value=\"18\"\/><script>document.getElementById( \"ak_js_1\" ).setAttribute( \"value\", ( new Date() ).getTime() );<\/script><\/p><div class=\"wpcf7-response-output\" aria-hidden=\"true\"><\/div>\n<\/form>\n<\/div>\n[\/vc_column_inner][\/vc_row_inner][\/vc_column][\/vc_row][vc_row css=\u00bb.vc_custom_1631109361052{padding-bottom: 20px !important;}\u00bb][vc_column][vc_column_text]<\/p>\n<p style=\"text-align: justify;\">Recuerda que lo m\u00e1s recomendable es confiar en el asesoramiento de un <strong>asesor fiscal<\/strong>, como disponemos en Llad\u00f3 Grup Consultor, para la presentaci\u00f3n de tus obligaciones tributarias, como es la <strong>Declaraci\u00f3n de la Renta<\/strong>.<\/p>\n<p>[\/vc_column_text][\/vc_column][\/vc_row]<\/p>\n<\/div>","protected":false},"excerpt":{"rendered":"<p>[vc_row css=\u00bb.vc_custom_1631109896967{padding-bottom: 20px !important;}\u00bb][vc_column][vc_column_text] La Declaraci\u00f3n de la Renta del ejercicio 2023, una obligaci\u00f3n que se debe tener en cuenta desde hoy mismo todos los contribuyentes. A continuaci\u00f3n, te explicamos las principales novedades que debes conocer para preparar la Declaraci\u00f3n y a poder ser siempre aconsejamos con el asesoramiento y acompa\u00f1amiento de profesionales. [\/vc_column_text][\/vc_column][\/vc_row][vc_row css=\u00bb.vc_custom_1631109361052{padding-bottom:&hellip;<\/p>\n","protected":false},"author":2,"featured_media":74402,"comment_status":"closed","ping_status":"closed","sticky":false,"template":"","format":"standard","meta":{"_joinchat":[],"footnotes":""},"categories":[614,613,622,615,616,617,2254],"tags":[],"class_list":["post-74393","post","type-post","status-publish","format-standard","has-post-thumbnail","hentry","category-autonomos","category-clientes","category-fiscal-es","category-gran-empresa-es","category-particulares","category-pymes","category-renta","category-614","category-613","category-622","category-615","category-616","category-617","category-2254","description-off"],"yoast_head":"<!-- This site is optimized with the Yoast SEO plugin v27.3 - https:\/\/yoast.com\/product\/yoast-seo-wordpress\/ -->\n<title>Novedades en la declaraci\u00f3n de la renta ejercicio 2023 -Llad\u00f3 Grup<\/title>\n<meta name=\"description\" content=\"Necesitas asesoramiento para la presentaci\u00f3n de la Declaraci\u00f3n de la Renta de este a\u00f1o? El equipo Llad\u00f3 Grupo puede asesorarte en tu Renta.\" \/>\n<meta name=\"robots\" content=\"index, follow, max-snippet:-1, max-image-preview:large, max-video-preview:-1\" \/>\n<link rel=\"canonical\" href=\"https:\/\/lladogrup.com\/es\/novedades-en-la-declaracion-de-la-renta-ejercicio-2023\/\" \/>\n<meta property=\"og:locale\" content=\"es_ES\" \/>\n<meta property=\"og:type\" content=\"article\" \/>\n<meta property=\"og:title\" content=\"Novedades en la declaraci\u00f3n de la renta ejercicio 2023 -Llad\u00f3 Grup\" \/>\n<meta property=\"og:description\" content=\"Necesitas asesoramiento para la presentaci\u00f3n de la Declaraci\u00f3n de la Renta de este a\u00f1o? El equipo Llad\u00f3 Grupo puede asesorarte en tu Renta.\" \/>\n<meta property=\"og:url\" content=\"https:\/\/lladogrup.com\/es\/novedades-en-la-declaracion-de-la-renta-ejercicio-2023\/\" \/>\n<meta property=\"og:site_name\" content=\"Llad\u00f3 Grup\" \/>\n<meta property=\"article:published_time\" content=\"2024-04-03T11:32:43+00:00\" \/>\n<meta property=\"article:modified_time\" content=\"2024-04-23T11:49:21+00:00\" \/>\n<meta property=\"og:image\" content=\"https:\/\/lladogrup.com\/wp-content\/uploads\/2024\/04\/20240403-Novetats_Renda_exercici_IRPF-2023-520x272-1.jpg\" \/>\n\t<meta property=\"og:image:width\" content=\"520\" \/>\n\t<meta property=\"og:image:height\" content=\"272\" \/>\n\t<meta property=\"og:image:type\" content=\"image\/jpeg\" \/>\n<meta name=\"author\" content=\"LladogrupSB\" \/>\n<meta name=\"twitter:card\" content=\"summary_large_image\" \/>\n<meta name=\"twitter:label1\" content=\"Escrito por\" \/>\n\t<meta name=\"twitter:data1\" content=\"LladogrupSB\" \/>\n\t<meta name=\"twitter:label2\" content=\"Tiempo de lectura\" \/>\n\t<meta name=\"twitter:data2\" content=\"6 minutos\" \/>\n<script type=\"application\/ld+json\" class=\"yoast-schema-graph\">{\"@context\":\"https:\\\/\\\/schema.org\",\"@graph\":[{\"@type\":\"Article\",\"@id\":\"https:\\\/\\\/lladogrup.com\\\/es\\\/novedades-en-la-declaracion-de-la-renta-ejercicio-2023\\\/#article\",\"isPartOf\":{\"@id\":\"https:\\\/\\\/lladogrup.com\\\/es\\\/novedades-en-la-declaracion-de-la-renta-ejercicio-2023\\\/\"},\"author\":{\"name\":\"LladogrupSB\",\"@id\":\"https:\\\/\\\/lladogrup.com\\\/#\\\/schema\\\/person\\\/fae891704510562cc35f2a910871bb7a\"},\"headline\":\"Novedades en la declaraci\u00f3n de la renta ejercicio 2023\",\"datePublished\":\"2024-04-03T11:32:43+00:00\",\"dateModified\":\"2024-04-23T11:49:21+00:00\",\"mainEntityOfPage\":{\"@id\":\"https:\\\/\\\/lladogrup.com\\\/es\\\/novedades-en-la-declaracion-de-la-renta-ejercicio-2023\\\/\"},\"wordCount\":1436,\"image\":{\"@id\":\"https:\\\/\\\/lladogrup.com\\\/es\\\/novedades-en-la-declaracion-de-la-renta-ejercicio-2023\\\/#primaryimage\"},\"thumbnailUrl\":\"https:\\\/\\\/lladogrup.com\\\/wp-content\\\/uploads\\\/2024\\\/04\\\/20240403-Novetats_Renda_exercici_IRPF-2023-520x272-1.jpg\",\"articleSection\":[\"Aut\u00f3nomos\",\"Clientes\",\"Fiscal\",\"Gran empresa\",\"Particulares\",\"Pymes\",\"Renta\"],\"inLanguage\":\"es\"},{\"@type\":\"WebPage\",\"@id\":\"https:\\\/\\\/lladogrup.com\\\/es\\\/novedades-en-la-declaracion-de-la-renta-ejercicio-2023\\\/\",\"url\":\"https:\\\/\\\/lladogrup.com\\\/es\\\/novedades-en-la-declaracion-de-la-renta-ejercicio-2023\\\/\",\"name\":\"Novedades en la declaraci\u00f3n de la renta ejercicio 2023 -Llad\u00f3 Grup\",\"isPartOf\":{\"@id\":\"https:\\\/\\\/lladogrup.com\\\/#website\"},\"primaryImageOfPage\":{\"@id\":\"https:\\\/\\\/lladogrup.com\\\/es\\\/novedades-en-la-declaracion-de-la-renta-ejercicio-2023\\\/#primaryimage\"},\"image\":{\"@id\":\"https:\\\/\\\/lladogrup.com\\\/es\\\/novedades-en-la-declaracion-de-la-renta-ejercicio-2023\\\/#primaryimage\"},\"thumbnailUrl\":\"https:\\\/\\\/lladogrup.com\\\/wp-content\\\/uploads\\\/2024\\\/04\\\/20240403-Novetats_Renda_exercici_IRPF-2023-520x272-1.jpg\",\"datePublished\":\"2024-04-03T11:32:43+00:00\",\"dateModified\":\"2024-04-23T11:49:21+00:00\",\"author\":{\"@id\":\"https:\\\/\\\/lladogrup.com\\\/#\\\/schema\\\/person\\\/fae891704510562cc35f2a910871bb7a\"},\"description\":\"Necesitas asesoramiento para la presentaci\u00f3n de la Declaraci\u00f3n de la Renta de este a\u00f1o? El equipo Llad\u00f3 Grupo puede asesorarte en tu Renta.\",\"breadcrumb\":{\"@id\":\"https:\\\/\\\/lladogrup.com\\\/es\\\/novedades-en-la-declaracion-de-la-renta-ejercicio-2023\\\/#breadcrumb\"},\"inLanguage\":\"es\",\"potentialAction\":[{\"@type\":\"ReadAction\",\"target\":[\"https:\\\/\\\/lladogrup.com\\\/es\\\/novedades-en-la-declaracion-de-la-renta-ejercicio-2023\\\/\"]}]},{\"@type\":\"ImageObject\",\"inLanguage\":\"es\",\"@id\":\"https:\\\/\\\/lladogrup.com\\\/es\\\/novedades-en-la-declaracion-de-la-renta-ejercicio-2023\\\/#primaryimage\",\"url\":\"https:\\\/\\\/lladogrup.com\\\/wp-content\\\/uploads\\\/2024\\\/04\\\/20240403-Novetats_Renda_exercici_IRPF-2023-520x272-1.jpg\",\"contentUrl\":\"https:\\\/\\\/lladogrup.com\\\/wp-content\\\/uploads\\\/2024\\\/04\\\/20240403-Novetats_Renda_exercici_IRPF-2023-520x272-1.jpg\",\"width\":520,\"height\":272,\"caption\":\"Declaraci\u00f3n de la Renta ejercicio 2025. Llad\u00f3 Grup\"},{\"@type\":\"BreadcrumbList\",\"@id\":\"https:\\\/\\\/lladogrup.com\\\/es\\\/novedades-en-la-declaracion-de-la-renta-ejercicio-2023\\\/#breadcrumb\",\"itemListElement\":[{\"@type\":\"ListItem\",\"position\":1,\"name\":\"Portada\",\"item\":\"https:\\\/\\\/lladogrup.com\\\/es\\\/\"},{\"@type\":\"ListItem\",\"position\":2,\"name\":\"Novedades en la declaraci\u00f3n de la renta ejercicio 2023\"}]},{\"@type\":\"WebSite\",\"@id\":\"https:\\\/\\\/lladogrup.com\\\/#website\",\"url\":\"https:\\\/\\\/lladogrup.com\\\/\",\"name\":\"Llad\u00f3 Grup\",\"description\":\"Consultoria i gestoria\",\"potentialAction\":[{\"@type\":\"SearchAction\",\"target\":{\"@type\":\"EntryPoint\",\"urlTemplate\":\"https:\\\/\\\/lladogrup.com\\\/?s={search_term_string}\"},\"query-input\":{\"@type\":\"PropertyValueSpecification\",\"valueRequired\":true,\"valueName\":\"search_term_string\"}}],\"inLanguage\":\"es\"},{\"@type\":\"Person\",\"@id\":\"https:\\\/\\\/lladogrup.com\\\/#\\\/schema\\\/person\\\/fae891704510562cc35f2a910871bb7a\",\"name\":\"LladogrupSB\",\"image\":{\"@type\":\"ImageObject\",\"inLanguage\":\"es\",\"@id\":\"https:\\\/\\\/secure.gravatar.com\\\/avatar\\\/e8dab0ac617b31013790aba77d3585a0fc0040d861b8f20b54660334fea26d66?s=96&d=mm&r=g\",\"url\":\"https:\\\/\\\/secure.gravatar.com\\\/avatar\\\/e8dab0ac617b31013790aba77d3585a0fc0040d861b8f20b54660334fea26d66?s=96&d=mm&r=g\",\"contentUrl\":\"https:\\\/\\\/secure.gravatar.com\\\/avatar\\\/e8dab0ac617b31013790aba77d3585a0fc0040d861b8f20b54660334fea26d66?s=96&d=mm&r=g\",\"caption\":\"LladogrupSB\"}}]}<\/script>\n<!-- \/ Yoast SEO plugin. -->","yoast_head_json":{"title":"Novedades en la declaraci\u00f3n de la renta ejercicio 2023 -Llad\u00f3 Grup","description":"Necesitas asesoramiento para la presentaci\u00f3n de la Declaraci\u00f3n de la Renta de este a\u00f1o? El equipo Llad\u00f3 Grupo puede asesorarte en tu Renta.","robots":{"index":"index","follow":"follow","max-snippet":"max-snippet:-1","max-image-preview":"max-image-preview:large","max-video-preview":"max-video-preview:-1"},"canonical":"https:\/\/lladogrup.com\/es\/novedades-en-la-declaracion-de-la-renta-ejercicio-2023\/","og_locale":"es_ES","og_type":"article","og_title":"Novedades en la declaraci\u00f3n de la renta ejercicio 2023 -Llad\u00f3 Grup","og_description":"Necesitas asesoramiento para la presentaci\u00f3n de la Declaraci\u00f3n de la Renta de este a\u00f1o? El equipo Llad\u00f3 Grupo puede asesorarte en tu Renta.","og_url":"https:\/\/lladogrup.com\/es\/novedades-en-la-declaracion-de-la-renta-ejercicio-2023\/","og_site_name":"Llad\u00f3 Grup","article_published_time":"2024-04-03T11:32:43+00:00","article_modified_time":"2024-04-23T11:49:21+00:00","og_image":[{"width":520,"height":272,"url":"https:\/\/lladogrup.com\/wp-content\/uploads\/2024\/04\/20240403-Novetats_Renda_exercici_IRPF-2023-520x272-1.jpg","type":"image\/jpeg"}],"author":"LladogrupSB","twitter_card":"summary_large_image","twitter_misc":{"Escrito por":"LladogrupSB","Tiempo de lectura":"6 minutos"},"schema":{"@context":"https:\/\/schema.org","@graph":[{"@type":"Article","@id":"https:\/\/lladogrup.com\/es\/novedades-en-la-declaracion-de-la-renta-ejercicio-2023\/#article","isPartOf":{"@id":"https:\/\/lladogrup.com\/es\/novedades-en-la-declaracion-de-la-renta-ejercicio-2023\/"},"author":{"name":"LladogrupSB","@id":"https:\/\/lladogrup.com\/#\/schema\/person\/fae891704510562cc35f2a910871bb7a"},"headline":"Novedades en la declaraci\u00f3n de la renta ejercicio 2023","datePublished":"2024-04-03T11:32:43+00:00","dateModified":"2024-04-23T11:49:21+00:00","mainEntityOfPage":{"@id":"https:\/\/lladogrup.com\/es\/novedades-en-la-declaracion-de-la-renta-ejercicio-2023\/"},"wordCount":1436,"image":{"@id":"https:\/\/lladogrup.com\/es\/novedades-en-la-declaracion-de-la-renta-ejercicio-2023\/#primaryimage"},"thumbnailUrl":"https:\/\/lladogrup.com\/wp-content\/uploads\/2024\/04\/20240403-Novetats_Renda_exercici_IRPF-2023-520x272-1.jpg","articleSection":["Aut\u00f3nomos","Clientes","Fiscal","Gran empresa","Particulares","Pymes","Renta"],"inLanguage":"es"},{"@type":"WebPage","@id":"https:\/\/lladogrup.com\/es\/novedades-en-la-declaracion-de-la-renta-ejercicio-2023\/","url":"https:\/\/lladogrup.com\/es\/novedades-en-la-declaracion-de-la-renta-ejercicio-2023\/","name":"Novedades en la declaraci\u00f3n de la renta ejercicio 2023 -Llad\u00f3 Grup","isPartOf":{"@id":"https:\/\/lladogrup.com\/#website"},"primaryImageOfPage":{"@id":"https:\/\/lladogrup.com\/es\/novedades-en-la-declaracion-de-la-renta-ejercicio-2023\/#primaryimage"},"image":{"@id":"https:\/\/lladogrup.com\/es\/novedades-en-la-declaracion-de-la-renta-ejercicio-2023\/#primaryimage"},"thumbnailUrl":"https:\/\/lladogrup.com\/wp-content\/uploads\/2024\/04\/20240403-Novetats_Renda_exercici_IRPF-2023-520x272-1.jpg","datePublished":"2024-04-03T11:32:43+00:00","dateModified":"2024-04-23T11:49:21+00:00","author":{"@id":"https:\/\/lladogrup.com\/#\/schema\/person\/fae891704510562cc35f2a910871bb7a"},"description":"Necesitas asesoramiento para la presentaci\u00f3n de la Declaraci\u00f3n de la Renta de este a\u00f1o? El equipo Llad\u00f3 Grupo puede asesorarte en tu Renta.","breadcrumb":{"@id":"https:\/\/lladogrup.com\/es\/novedades-en-la-declaracion-de-la-renta-ejercicio-2023\/#breadcrumb"},"inLanguage":"es","potentialAction":[{"@type":"ReadAction","target":["https:\/\/lladogrup.com\/es\/novedades-en-la-declaracion-de-la-renta-ejercicio-2023\/"]}]},{"@type":"ImageObject","inLanguage":"es","@id":"https:\/\/lladogrup.com\/es\/novedades-en-la-declaracion-de-la-renta-ejercicio-2023\/#primaryimage","url":"https:\/\/lladogrup.com\/wp-content\/uploads\/2024\/04\/20240403-Novetats_Renda_exercici_IRPF-2023-520x272-1.jpg","contentUrl":"https:\/\/lladogrup.com\/wp-content\/uploads\/2024\/04\/20240403-Novetats_Renda_exercici_IRPF-2023-520x272-1.jpg","width":520,"height":272,"caption":"Declaraci\u00f3n de la Renta ejercicio 2025. Llad\u00f3 Grup"},{"@type":"BreadcrumbList","@id":"https:\/\/lladogrup.com\/es\/novedades-en-la-declaracion-de-la-renta-ejercicio-2023\/#breadcrumb","itemListElement":[{"@type":"ListItem","position":1,"name":"Portada","item":"https:\/\/lladogrup.com\/es\/"},{"@type":"ListItem","position":2,"name":"Novedades en la declaraci\u00f3n de la renta ejercicio 2023"}]},{"@type":"WebSite","@id":"https:\/\/lladogrup.com\/#website","url":"https:\/\/lladogrup.com\/","name":"Llad\u00f3 Grup","description":"Consultoria i gestoria","potentialAction":[{"@type":"SearchAction","target":{"@type":"EntryPoint","urlTemplate":"https:\/\/lladogrup.com\/?s={search_term_string}"},"query-input":{"@type":"PropertyValueSpecification","valueRequired":true,"valueName":"search_term_string"}}],"inLanguage":"es"},{"@type":"Person","@id":"https:\/\/lladogrup.com\/#\/schema\/person\/fae891704510562cc35f2a910871bb7a","name":"LladogrupSB","image":{"@type":"ImageObject","inLanguage":"es","@id":"https:\/\/secure.gravatar.com\/avatar\/e8dab0ac617b31013790aba77d3585a0fc0040d861b8f20b54660334fea26d66?s=96&d=mm&r=g","url":"https:\/\/secure.gravatar.com\/avatar\/e8dab0ac617b31013790aba77d3585a0fc0040d861b8f20b54660334fea26d66?s=96&d=mm&r=g","contentUrl":"https:\/\/secure.gravatar.com\/avatar\/e8dab0ac617b31013790aba77d3585a0fc0040d861b8f20b54660334fea26d66?s=96&d=mm&r=g","caption":"LladogrupSB"}}]}},"_links":{"self":[{"href":"https:\/\/lladogrup.com\/es\/wp-json\/wp\/v2\/posts\/74393","targetHints":{"allow":["GET"]}}],"collection":[{"href":"https:\/\/lladogrup.com\/es\/wp-json\/wp\/v2\/posts"}],"about":[{"href":"https:\/\/lladogrup.com\/es\/wp-json\/wp\/v2\/types\/post"}],"author":[{"embeddable":true,"href":"https:\/\/lladogrup.com\/es\/wp-json\/wp\/v2\/users\/2"}],"replies":[{"embeddable":true,"href":"https:\/\/lladogrup.com\/es\/wp-json\/wp\/v2\/comments?post=74393"}],"version-history":[{"count":5,"href":"https:\/\/lladogrup.com\/es\/wp-json\/wp\/v2\/posts\/74393\/revisions"}],"predecessor-version":[{"id":74741,"href":"https:\/\/lladogrup.com\/es\/wp-json\/wp\/v2\/posts\/74393\/revisions\/74741"}],"wp:featuredmedia":[{"embeddable":true,"href":"https:\/\/lladogrup.com\/es\/wp-json\/wp\/v2\/media\/74402"}],"wp:attachment":[{"href":"https:\/\/lladogrup.com\/es\/wp-json\/wp\/v2\/media?parent=74393"}],"wp:term":[{"taxonomy":"category","embeddable":true,"href":"https:\/\/lladogrup.com\/es\/wp-json\/wp\/v2\/categories?post=74393"},{"taxonomy":"post_tag","embeddable":true,"href":"https:\/\/lladogrup.com\/es\/wp-json\/wp\/v2\/tags?post=74393"}],"curies":[{"name":"wp","href":"https:\/\/api.w.org\/{rel}","templated":true}]}}