{"id":71635,"date":"2023-12-05T11:54:45","date_gmt":"2023-12-05T10:54:45","guid":{"rendered":"https:\/\/lladogrup.com\/?p=71635"},"modified":"2023-12-05T11:54:46","modified_gmt":"2023-12-05T10:54:46","slug":"consejos-fiscales-para-antes-de-finalizar-el-ano-2023","status":"publish","type":"post","link":"https:\/\/lladogrup.com\/es\/consejos-fiscales-para-antes-de-finalizar-el-ano-2023\/","title":{"rendered":"Consejos fiscales para antes de finalizar el a\u00f1o 2023"},"content":{"rendered":"<div class=\"wpb-content-wrapper\"><p>[vc_row css=\u00bb.vc_custom_1631109896967{padding-bottom: 20px !important;}\u00bb][vc_column][vc_column_text]<strong>Los contribuyentes tanto personas f\u00edsicas como jur\u00eddicas, por ejemplo, Sociedades a\u00fan est\u00e1n a tiempo de tomar las \u00faltimas decisiones para optimizar la \u201cfactura\u201d fiscal del ejercicio 2023<\/strong>.[\/vc_column_text][\/vc_column][\/vc_row][vc_row css=\u00bb.vc_custom_1631109896967{padding-bottom: 20px !important;}\u00bb][vc_column][vc_btn title=\u00bb\u00bfNecesitas asesoramiento fiscal?\u00bb color=\u00bbdanger\u00bb size=\u00bblg\u00bb align=\u00bbcenter\u00bb i_icon_fontawesome=\u00bbfas fa-mouse\u00bb add_icon=\u00bbtrue\u00bb link=\u00bburl:https%3A%2F%2Flladogrup.com%2Fes%2Fasesoria%2Fasesoria-fiscal-y-contable-para-empresas%2F|target:_blank\u00bb css=\u00bb.vc_custom_1701704180741{margin-bottom: 40px !important;}\u00bb][\/vc_column][\/vc_row][vc_row][vc_column width=\u00bb2\/3&#8243;][vc_single_image image=\u00bb71642&#8243; img_size=\u00bbfull\u00bb add_caption=\u00bbyes\u00bb alignment=\u00bbcenter\u00bb][\/vc_column][vc_column width=\u00bb1\/3&#8243;]<div id=\"ultimate-heading-370969ec813c1f4ed\" class=\"uvc-heading ult-adjust-bottom-margin ultimate-heading-370969ec813c1f4ed uvc-5013  uvc-heading-default-font-sizes\" data-hspacer=\"no_spacer\"  data-halign=\"center\" style=\"text-align:center\"><div class=\"uvc-heading-spacer no_spacer\" style=\"top\"><\/div><div class=\"uvc-main-heading ult-responsive\"  data-ultimate-target='.uvc-heading.ultimate-heading-370969ec813c1f4ed h3'  data-responsive-json-new='{\"font-size\":\"\",\"line-height\":\"\"}' ><h3 style=\"font-weight:bold;color:#fe5d3a;margin-top:40px;margin-bottom:40px;\">Subscr\u00edbete a nuestra newsletter<\/h3><\/div><\/div><p class=\"wpcf7-contact-form-not-found\"><strong>Error:<\/strong> Formulario de contacto no encontrado.<\/p>[\/vc_column][\/vc_row][vc_row css=\u00bb.vc_custom_1631109361052{padding-bottom: 20px !important;}\u00bb][vc_column]<div id=\"ultimate-heading-301369ec813c1f836\" class=\"uvc-heading ult-adjust-bottom-margin ultimate-heading-301369ec813c1f836 uvc-991 \" data-hspacer=\"no_spacer\"  data-halign=\"left\" style=\"text-align:left\"><div class=\"uvc-heading-spacer no_spacer\" style=\"top\"><\/div><div class=\"uvc-main-heading ult-responsive\"  data-ultimate-target='.uvc-heading.ultimate-heading-301369ec813c1f836 h2'  data-responsive-json-new='{\"font-size\":\"desktop:24px;\",\"line-height\":\"\"}' ><h2 style=\"font-weight:bold;color:#fe5d3a;margin-bottom:20px;\">Recomendaciones fiscales para finalizar el a\u00f1o y ahorrar para el 2024 <\/h2><\/div><\/div>[vc_column_text]El a\u00f1o 2023 est\u00e1 a punto de acabar, pero todav\u00eda hay margen para hacer ajustes y conseguir ahorrar en la declaraci\u00f3n de la renta, que se presentar\u00e1 en 2024.<\/p>\n<p>A continuaci\u00f3n, destacamos algunas opciones que pueden marcar la diferencia en la hora de conseguir deducciones interesantes.<\/p>\n<p style=\"text-align: justify;\"><strong>Aportaciones a Planes de Pensiones<\/strong><\/p>\n<p style=\"text-align: justify;\">Aportar 1.500 euros a <strong>planes de pensiones<\/strong> de forma individual, pudiendo ser superior por aportaciones de la empresa donde trabaja de hasta 8.500 euros, y <strong>los aut\u00f3nomos<\/strong>, pueden aportar adem\u00e1s hasta 4.250 euros a planes de empleo simplificados. Tambi\u00e9n puede aportar 1.000 euros por el c\u00f3nyuge en ciertos casos.<\/p>\n<p style=\"text-align: justify;\"><strong>Mejoras de la eficiencia energ\u00e9tica<\/strong><\/p>\n<p style=\"text-align: justify;\">Se puede deducir entre <strong>un 20 y un 60 por ciento<\/strong> de las cantidades satisfechas por <strong>obras de mejora de la eficiencia energ\u00e9tica de la vivienda habitual o alquilada<\/strong>, realizada hasta el 31 de diciembre de 2023 (o hasta el 31 de diciembre de 2024 en algunos casos).<\/p>\n<p style=\"text-align: justify;\"><strong>Alquiler de viviendas<\/strong><\/p>\n<p style=\"text-align: justify;\"><strong>Si tiene viviendas para alquilar<\/strong>, es conveniente que formalice el contrato de arrendamiento antes del 31 de diciembre, ya que a partir de 2024 el porcentaje de reducci\u00f3n ser\u00e1 del 50 por ciento en lugar del 60 por ciento.<\/p>\n<p style=\"text-align: justify;\"><strong>Energ\u00edas renovables<\/strong><\/p>\n<p style=\"text-align: justify;\"><strong>Las Sociedades<\/strong> pueden invertir en <strong>instalaciones de autoconsumo de energ\u00eda renovable<\/strong> y amortizar dicha inversi\u00f3n libremente hasta 500.000 euros, siempre que la inversi\u00f3n entre en funcionamiento en 2023.<\/p>\n<p style=\"text-align: justify;\"><strong>Trabajos en el extranjero<\/strong><\/p>\n<p style=\"text-align: justify;\">Si durante 2023 ha realizado <strong>trabajos en el extranjero<\/strong>, puede que las remuneraciones percibidas est\u00e9n exentas hasta un m\u00e1ximo de 60.100 euros.<\/p>\n<p style=\"text-align: justify;\"><strong>Indemnizaciones por despido<\/strong><\/p>\n<p style=\"text-align: justify;\">Si ha cobrado una <strong>indemnizaci\u00f3n por despido<\/strong> de la empresa, no tributa hasta 185.000 euros y el exceso se reduce el 30% por irregularidad.<\/p>\n<p style=\"text-align: justify;\">Si usted se jubil\u00f3 en 2021, tiene solo hasta final de este a\u00f1o para decidirse a <strong>rescatar todo o parte del plan de pensiones<\/strong> y tener derecho a la <strong>reducci\u00f3n del 40%<\/strong>. Si es titular de varios planes de pensiones con aportaciones anteriores a 2007, podr\u00e1 beneficiarse, en m\u00e1s de un ejercicio fiscal de la reducci\u00f3n del 40%, aunque rescate por la misma contingencia (en 3 a\u00f1os diferentes).<\/p>\n<p style=\"text-align: justify;\"><strong>Adquisici\u00f3n de veh\u00edculo el\u00e9ctrico<\/strong><\/p>\n<p style=\"text-align: justify;\">Se introduce en 2023 una nueva deducci\u00f3n del 15%, con una base m\u00e1xima de 20.000 euros, el valor de <strong>adquisici\u00f3n de un veh\u00edculo el\u00e9ctrico \u201cenchufable\u201d nuevo<\/strong> y no afecto a actividades econ\u00f3micas. Tambi\u00e9n hay deducci\u00f3n del 15% con una base m\u00e1xima anual de 4.000 euros, por las <strong>instalaciones de sistemas de recarga de bater\u00eda<\/strong> para veh\u00edculos el\u00e9ctricos no afectas a una actividad econ\u00f3mica.<\/p>\n<p style=\"text-align: justify;\"><strong>Acciones en participaciones en empresas emergentes<\/strong><\/p>\n<p style=\"text-align: justify;\">Deducci\u00f3n del 50% en la <strong>suscripci\u00f3n de acciones a participaciones en<\/strong> <strong>empresas emergentes de nueva o reciente creaci\u00f3n<\/strong>, sobre una base m\u00e1xima anual de 100.000 euros y no afecte a una deducci\u00f3n establecida por una Comunidad aut\u00f3noma.<\/p>\n<p style=\"text-align: justify;\"><strong>Adquisici\u00f3n de la vivienda habitual<\/strong><\/p>\n<p style=\"text-align: justify;\">Si tienes derecho a la <strong>deducci\u00f3n por la adquisici\u00f3n de la vivienda habitual<\/strong>, ser\u00e1 una buena estrategia aportar hasta el l\u00edmite de la base de deducci\u00f3n 9.040 euros (amortizaci\u00f3n del pr\u00e9stamo m\u00e1s intereses) para reducir la cuota a pagar del IRPF en un 15% de lo aportado.<\/p>\n<p>[\/vc_column_text][\/vc_column][\/vc_row][vc_row css=\u00bb.vc_custom_1696410113622{background-color: #ffd1c9 !important;}\u00bb][vc_column][vc_row_inner][vc_column_inner width=\u00bb1\/2&#8243;][vc_column_text css=\u00bb.vc_custom_1701704416814{margin-top: 100px !important;}\u00bb]<\/p>\n<h3 class=\"form-control second-textarea\" style=\"text-align: center;\">\u00bfTienes alguna duda?<\/h3>\n<p style=\"text-align: center;\">Somos un equipo de profesionales con experiencia sobre <strong>asesoramiento fiscal y patrimonial<\/strong>, inform\u00e1te sin compromiso.<\/p>\n<p style=\"text-align: center;\"><span style=\"color: #000000;\">Nos puedes contactar v\u00eda <strong>WhatsApp <a href=\"https:\/\/bit.ly\/38ZKw99\" target=\"_blank\" rel=\"noopener\"><img loading=\"lazy\" decoding=\"async\" class=\"alignnone wp-image-68407\" src=\"https:\/\/lladogrup.com\/wp-content\/uploads\/2023\/05\/logo-whatsapp-40x40-1.png\" alt=\"\" width=\"25\" height=\"25\" \/><\/a> <a style=\"color: #000000;\" href=\"https:\/\/bit.ly\/38ZKw99\" target=\"_blank\" rel=\"noopener\">aqu\u00ed<\/a><\/strong> o facilitarnos tus <strong>datos y contactaremos <\/strong>contigo.<\/span><\/p>\n<p>[\/vc_column_text][\/vc_column_inner][vc_column_inner width=\u00bb1\/2&#8243;]\n<div class=\"wpcf7 no-js\" id=\"wpcf7-f4-o1\" lang=\"es-ES\" dir=\"ltr\" data-wpcf7-id=\"4\">\n<div class=\"screen-reader-response\"><p role=\"status\" aria-live=\"polite\" aria-atomic=\"true\"><\/p> <ul><\/ul><\/div>\n<form action=\"\/es\/wp-json\/wp\/v2\/posts\/71635#wpcf7-f4-o1\" method=\"post\" class=\"wpcf7-form init 98099fcddabd cmatic-conn cmatic-aud-0 cmatic-mapd0-0 cmatic-v0978 cmatic-sent-0 cmatic-total-529\" aria-label=\"Formulario de contacto\" novalidate=\"novalidate\" data-status=\"init\">\n<fieldset class=\"hidden-fields-container\"><input type=\"hidden\" name=\"_wpcf7\" value=\"4\" \/><input type=\"hidden\" name=\"_wpcf7_version\" value=\"6.1.5\" \/><input type=\"hidden\" name=\"_wpcf7_locale\" value=\"es_ES\" \/><input type=\"hidden\" name=\"_wpcf7_unit_tag\" value=\"wpcf7-f4-o1\" \/><input type=\"hidden\" name=\"_wpcf7_container_post\" value=\"0\" \/><input type=\"hidden\" name=\"_wpcf7_posted_data_hash\" value=\"\" \/><input type=\"hidden\" name=\"_wpcf7_recaptcha_response\" value=\"\" \/>\n<\/fieldset>\n<p><label>Nombre*<br \/>\n<span class=\"wpcf7-form-control-wrap\" data-name=\"your-name\"><input size=\"40\" maxlength=\"400\" class=\"wpcf7-form-control wpcf7-text wpcf7-validates-as-required\" aria-required=\"true\" aria-invalid=\"false\" placeholder=\"Escribe tu nombre y apellidos\" value=\"\" type=\"text\" name=\"your-name\" \/><\/span><\/label>\n<\/p>\n<p><label>Email*<br \/>\n<span class=\"wpcf7-form-control-wrap\" data-name=\"your-email\"><input size=\"40\" maxlength=\"400\" class=\"wpcf7-form-control wpcf7-email wpcf7-validates-as-required wpcf7-text wpcf7-validates-as-email\" aria-required=\"true\" aria-invalid=\"false\" placeholder=\"Tu correo electr\u00f3nico\" value=\"\" type=\"email\" name=\"your-email\" \/><\/span><\/label>\n<\/p>\n<p><label>Tel\u00e9fono*<br \/>\n<span class=\"wpcf7-form-control-wrap\" data-name=\"llado-tel\"><input size=\"40\" maxlength=\"400\" class=\"wpcf7-form-control wpcf7-tel wpcf7-validates-as-required wpcf7-text wpcf7-validates-as-tel\" aria-required=\"true\" aria-invalid=\"false\" placeholder=\"Tu Tel\u00e9fono\" value=\"\" type=\"tel\" name=\"llado-tel\" \/><\/span><\/label>\n<\/p>\n<p><label>Mensaje<br \/>\n<span class=\"wpcf7-form-control-wrap\" data-name=\"llado-mensaje\"><textarea cols=\"40\" rows=\"5\" maxlength=\"2000\" class=\"wpcf7-form-control wpcf7-textarea wpcf7-validates-as-required\" aria-required=\"true\" aria-invalid=\"false\" placeholder=\"Motivo de la consulta\" name=\"llado-mensaje\"><\/textarea><\/span><\/label>\n<\/p>\n<p><span class=\"wpcf7-form-control-wrap\" data-name=\"acceptance-272\"><span class=\"wpcf7-form-control wpcf7-acceptance\"><span class=\"wpcf7-list-item\"><input type=\"checkbox\" name=\"acceptance-272\" value=\"1\" aria-invalid=\"false\" \/><\/span><\/span><\/span> He le\u00eddo y acepto la <a href=\"https:\/\/lladogrup.com\/es\/politica-de-privacidad\/\">Pol\u00edtica de Privacidad<\/a>\n<\/p>\n<p><span class=\"wpcf7-form-control-wrap\" data-name=\"acceptance-423\"><span class=\"wpcf7-form-control wpcf7-acceptance optional\"><span class=\"wpcf7-list-item\"><input type=\"checkbox\" name=\"acceptance-423\" value=\"1\" aria-invalid=\"false\" \/><\/span><\/span><\/span> Acepto recibir informaci\u00f3n sobre las actividades, servicios y productos de Llad\u00f3 Grup Consultor.\n<\/p>\n<p><span style=\"margin-top: 10px;\"><\/span>\n<\/p>\n\n<p><span style=\"margin-bottom: 10px;\"><\/span>\n<\/p>\n<p><input class=\"wpcf7-form-control wpcf7-submit has-spinner\" type=\"submit\" value=\"Enviar\" \/>\n<\/p><p style=\"display: none !important;\" class=\"akismet-fields-container\" data-prefix=\"_wpcf7_ak_\"><label>&#916;<textarea name=\"_wpcf7_ak_hp_textarea\" cols=\"45\" rows=\"8\" maxlength=\"100\"><\/textarea><\/label><input type=\"hidden\" id=\"ak_js_1\" name=\"_wpcf7_ak_js\" value=\"70\"\/><script>document.getElementById( \"ak_js_1\" ).setAttribute( \"value\", ( new Date() ).getTime() );<\/script><\/p><div class=\"wpcf7-response-output\" aria-hidden=\"true\"><\/div>\n<\/form>\n<\/div>\n[\/vc_column_inner][\/vc_row_inner][\/vc_column][\/vc_row][vc_row css=\u00bb.vc_custom_1669219009705{margin-top: 20px !important;padding-bottom: 20px !important;}\u00bb][vc_column][vc_column_text]<\/p>\n<div class=\"entry-content\">\n<section class=\"wpb-content-wrapper\">\n<div class=\"vc_row wpb_row vc_row-fluid vc_custom_1669219009705\">\n<div class=\"wpb_column vc_column_container vc_col-sm-12\">\n<div class=\"vc_column-inner\">\n<div class=\"wpb_wrapper\">\n<div class=\"wpb_text_column wpb_content_element \">\n<div class=\"wpb_wrapper\">\n<p>Repase estos consejos para beneficiarse de <strong>pagar menos impuestos de Renta Personas F\u00edsicas<\/strong> (IRPF) y de <strong>Sociedades<\/strong>.<br \/>\nDesde Llad\u00f3 Grup Consultor, le ofrecemos estar asesorado por un equipo de profesionales todo el a\u00f1o.<\/p>\n<\/div>\n<\/div>\n<\/div>\n<\/div>\n<\/div>\n<\/div>\n<\/section>\n<\/div>\n<div class=\"post-meta wf-mobile-collapsed\">\n<div class=\"entry-meta\"><\/div>\n<\/div>\n<p>[\/vc_column_text][\/vc_column][vc_column][\/vc_column][\/vc_row]<\/p>\n<\/div>","protected":false},"excerpt":{"rendered":"<p>[vc_row css=\u00bb.vc_custom_1631109896967{padding-bottom: 20px !important;}\u00bb][vc_column][vc_column_text]Los contribuyentes tanto personas f\u00edsicas como jur\u00eddicas, por ejemplo, Sociedades a\u00fan est\u00e1n a tiempo de tomar las \u00faltimas decisiones para optimizar la \u201cfactura\u201d fiscal del ejercicio 2023.[\/vc_column_text][\/vc_column][\/vc_row][vc_row css=\u00bb.vc_custom_1631109896967{padding-bottom: 20px !important;}\u00bb][vc_column][vc_btn title=\u00bb\u00bfNecesitas asesoramiento fiscal?\u00bb color=\u00bbdanger\u00bb size=\u00bblg\u00bb align=\u00bbcenter\u00bb i_icon_fontawesome=\u00bbfas fa-mouse\u00bb add_icon=\u00bbtrue\u00bb link=\u00bburl:https%3A%2F%2Flladogrup.com%2Fes%2Fasesoria%2Fasesoria-fiscal-y-contable-para-empresas%2F|target:_blank\u00bb css=\u00bb.vc_custom_1701704180741{margin-bottom: 40px !important;}\u00bb][\/vc_column][\/vc_row][vc_row][vc_column width=\u00bb2\/3&#8243;][vc_single_image image=\u00bb71642&#8243; img_size=\u00bbfull\u00bb add_caption=\u00bbyes\u00bb alignment=\u00bbcenter\u00bb][\/vc_column][vc_column width=\u00bb1\/3&#8243;][\/vc_column][\/vc_row][vc_row css=\u00bb.vc_custom_1631109361052{padding-bottom: 20px !important;}\u00bb][vc_column][vc_column_text]El&hellip;<\/p>\n","protected":false},"author":2,"featured_media":71644,"comment_status":"closed","ping_status":"closed","sticky":false,"template":"","format":"standard","meta":{"_joinchat":[],"footnotes":""},"categories":[614,613,622,615,616,2195,617],"tags":[],"class_list":["post-71635","post","type-post","status-publish","format-standard","has-post-thumbnail","hentry","category-autonomos","category-clientes","category-fiscal-es","category-gran-empresa-es","category-particulares","category-patrimonial-es","category-pymes","category-614","category-613","category-622","category-615","category-616","category-2195","category-617","description-off"],"yoast_head":"<!-- This site is optimized with the Yoast SEO plugin v27.3 - https:\/\/yoast.com\/product\/yoast-seo-wordpress\/ -->\n<title>Consejos fiscales para antes de finalizar el a\u00f1o 2023 -Llad\u00f3 Grup-<\/title>\n<meta name=\"description\" content=\"Los contribuyentes tanto personas f\u00edsicas como jur\u00eddicas,a\u00fan est\u00e1n a tiempo de tomar las \u00faltimas decisiones para optimizar el ejercicio 2023.\" \/>\n<meta name=\"robots\" content=\"index, follow, max-snippet:-1, max-image-preview:large, max-video-preview:-1\" \/>\n<link rel=\"canonical\" href=\"https:\/\/lladogrup.com\/es\/consejos-fiscales-para-antes-de-finalizar-el-ano-2023\/\" \/>\n<meta property=\"og:locale\" content=\"es_ES\" \/>\n<meta property=\"og:type\" content=\"article\" \/>\n<meta property=\"og:title\" content=\"Consejos fiscales para antes de finalizar el a\u00f1o 2023 -Llad\u00f3 Grup-\" \/>\n<meta property=\"og:description\" content=\"Los contribuyentes tanto personas f\u00edsicas como jur\u00eddicas,a\u00fan est\u00e1n a tiempo de tomar las \u00faltimas decisiones para optimizar el ejercicio 2023.\" \/>\n<meta property=\"og:url\" content=\"https:\/\/lladogrup.com\/es\/consejos-fiscales-para-antes-de-finalizar-el-ano-2023\/\" \/>\n<meta property=\"og:site_name\" content=\"Llad\u00f3 Grup\" \/>\n<meta property=\"article:published_time\" content=\"2023-12-05T10:54:45+00:00\" \/>\n<meta property=\"article:modified_time\" content=\"2023-12-05T10:54:46+00:00\" \/>\n<meta property=\"og:image\" content=\"https:\/\/lladogrup.com\/wp-content\/uploads\/2023\/12\/20231205-Recomendaciones_final_ano_2023-520x272-1.jpg\" \/>\n\t<meta property=\"og:image:width\" content=\"520\" \/>\n\t<meta property=\"og:image:height\" content=\"272\" \/>\n\t<meta property=\"og:image:type\" content=\"image\/jpeg\" \/>\n<meta name=\"author\" content=\"LladogrupSB\" \/>\n<meta name=\"twitter:card\" content=\"summary_large_image\" \/>\n<meta name=\"twitter:label1\" content=\"Escrito por\" \/>\n\t<meta name=\"twitter:data1\" content=\"LladogrupSB\" \/>\n\t<meta name=\"twitter:label2\" content=\"Tiempo de lectura\" \/>\n\t<meta name=\"twitter:data2\" content=\"4 minutos\" \/>\n<script type=\"application\/ld+json\" class=\"yoast-schema-graph\">{\"@context\":\"https:\\\/\\\/schema.org\",\"@graph\":[{\"@type\":\"Article\",\"@id\":\"https:\\\/\\\/lladogrup.com\\\/es\\\/consejos-fiscales-para-antes-de-finalizar-el-ano-2023\\\/#article\",\"isPartOf\":{\"@id\":\"https:\\\/\\\/lladogrup.com\\\/es\\\/consejos-fiscales-para-antes-de-finalizar-el-ano-2023\\\/\"},\"author\":{\"name\":\"LladogrupSB\",\"@id\":\"https:\\\/\\\/lladogrup.com\\\/#\\\/schema\\\/person\\\/fae891704510562cc35f2a910871bb7a\"},\"headline\":\"Consejos fiscales para antes de finalizar el a\u00f1o 2023\",\"datePublished\":\"2023-12-05T10:54:45+00:00\",\"dateModified\":\"2023-12-05T10:54:46+00:00\",\"mainEntityOfPage\":{\"@id\":\"https:\\\/\\\/lladogrup.com\\\/es\\\/consejos-fiscales-para-antes-de-finalizar-el-ano-2023\\\/\"},\"wordCount\":906,\"image\":{\"@id\":\"https:\\\/\\\/lladogrup.com\\\/es\\\/consejos-fiscales-para-antes-de-finalizar-el-ano-2023\\\/#primaryimage\"},\"thumbnailUrl\":\"https:\\\/\\\/lladogrup.com\\\/wp-content\\\/uploads\\\/2023\\\/12\\\/20231205-Recomendaciones_final_ano_2023-520x272-1.jpg\",\"articleSection\":[\"Aut\u00f3nomos\",\"Clientes\",\"Fiscal\",\"Gran empresa\",\"Particulares\",\"Patrimonial\",\"Pymes\"],\"inLanguage\":\"es\"},{\"@type\":\"WebPage\",\"@id\":\"https:\\\/\\\/lladogrup.com\\\/es\\\/consejos-fiscales-para-antes-de-finalizar-el-ano-2023\\\/\",\"url\":\"https:\\\/\\\/lladogrup.com\\\/es\\\/consejos-fiscales-para-antes-de-finalizar-el-ano-2023\\\/\",\"name\":\"Consejos fiscales para antes de finalizar el a\u00f1o 2023 -Llad\u00f3 Grup-\",\"isPartOf\":{\"@id\":\"https:\\\/\\\/lladogrup.com\\\/#website\"},\"primaryImageOfPage\":{\"@id\":\"https:\\\/\\\/lladogrup.com\\\/es\\\/consejos-fiscales-para-antes-de-finalizar-el-ano-2023\\\/#primaryimage\"},\"image\":{\"@id\":\"https:\\\/\\\/lladogrup.com\\\/es\\\/consejos-fiscales-para-antes-de-finalizar-el-ano-2023\\\/#primaryimage\"},\"thumbnailUrl\":\"https:\\\/\\\/lladogrup.com\\\/wp-content\\\/uploads\\\/2023\\\/12\\\/20231205-Recomendaciones_final_ano_2023-520x272-1.jpg\",\"datePublished\":\"2023-12-05T10:54:45+00:00\",\"dateModified\":\"2023-12-05T10:54:46+00:00\",\"author\":{\"@id\":\"https:\\\/\\\/lladogrup.com\\\/#\\\/schema\\\/person\\\/fae891704510562cc35f2a910871bb7a\"},\"description\":\"Los contribuyentes tanto personas f\u00edsicas como jur\u00eddicas,a\u00fan est\u00e1n a tiempo de tomar las \u00faltimas decisiones para optimizar el ejercicio 2023.\",\"breadcrumb\":{\"@id\":\"https:\\\/\\\/lladogrup.com\\\/es\\\/consejos-fiscales-para-antes-de-finalizar-el-ano-2023\\\/#breadcrumb\"},\"inLanguage\":\"es\",\"potentialAction\":[{\"@type\":\"ReadAction\",\"target\":[\"https:\\\/\\\/lladogrup.com\\\/es\\\/consejos-fiscales-para-antes-de-finalizar-el-ano-2023\\\/\"]}]},{\"@type\":\"ImageObject\",\"inLanguage\":\"es\",\"@id\":\"https:\\\/\\\/lladogrup.com\\\/es\\\/consejos-fiscales-para-antes-de-finalizar-el-ano-2023\\\/#primaryimage\",\"url\":\"https:\\\/\\\/lladogrup.com\\\/wp-content\\\/uploads\\\/2023\\\/12\\\/20231205-Recomendaciones_final_ano_2023-520x272-1.jpg\",\"contentUrl\":\"https:\\\/\\\/lladogrup.com\\\/wp-content\\\/uploads\\\/2023\\\/12\\\/20231205-Recomendaciones_final_ano_2023-520x272-1.jpg\",\"width\":520,\"height\":272,\"caption\":\"Consejos fiscales\"},{\"@type\":\"BreadcrumbList\",\"@id\":\"https:\\\/\\\/lladogrup.com\\\/es\\\/consejos-fiscales-para-antes-de-finalizar-el-ano-2023\\\/#breadcrumb\",\"itemListElement\":[{\"@type\":\"ListItem\",\"position\":1,\"name\":\"Portada\",\"item\":\"https:\\\/\\\/lladogrup.com\\\/es\\\/\"},{\"@type\":\"ListItem\",\"position\":2,\"name\":\"Consejos fiscales para antes de finalizar el a\u00f1o 2023\"}]},{\"@type\":\"WebSite\",\"@id\":\"https:\\\/\\\/lladogrup.com\\\/#website\",\"url\":\"https:\\\/\\\/lladogrup.com\\\/\",\"name\":\"Llad\u00f3 Grup\",\"description\":\"Consultoria i gestoria\",\"potentialAction\":[{\"@type\":\"SearchAction\",\"target\":{\"@type\":\"EntryPoint\",\"urlTemplate\":\"https:\\\/\\\/lladogrup.com\\\/?s={search_term_string}\"},\"query-input\":{\"@type\":\"PropertyValueSpecification\",\"valueRequired\":true,\"valueName\":\"search_term_string\"}}],\"inLanguage\":\"es\"},{\"@type\":\"Person\",\"@id\":\"https:\\\/\\\/lladogrup.com\\\/#\\\/schema\\\/person\\\/fae891704510562cc35f2a910871bb7a\",\"name\":\"LladogrupSB\",\"image\":{\"@type\":\"ImageObject\",\"inLanguage\":\"es\",\"@id\":\"https:\\\/\\\/secure.gravatar.com\\\/avatar\\\/e8dab0ac617b31013790aba77d3585a0fc0040d861b8f20b54660334fea26d66?s=96&d=mm&r=g\",\"url\":\"https:\\\/\\\/secure.gravatar.com\\\/avatar\\\/e8dab0ac617b31013790aba77d3585a0fc0040d861b8f20b54660334fea26d66?s=96&d=mm&r=g\",\"contentUrl\":\"https:\\\/\\\/secure.gravatar.com\\\/avatar\\\/e8dab0ac617b31013790aba77d3585a0fc0040d861b8f20b54660334fea26d66?s=96&d=mm&r=g\",\"caption\":\"LladogrupSB\"}}]}<\/script>\n<!-- \/ Yoast SEO plugin. -->","yoast_head_json":{"title":"Consejos fiscales para antes de finalizar el a\u00f1o 2023 -Llad\u00f3 Grup-","description":"Los contribuyentes tanto personas f\u00edsicas como jur\u00eddicas,a\u00fan est\u00e1n a tiempo de tomar las \u00faltimas decisiones para optimizar el ejercicio 2023.","robots":{"index":"index","follow":"follow","max-snippet":"max-snippet:-1","max-image-preview":"max-image-preview:large","max-video-preview":"max-video-preview:-1"},"canonical":"https:\/\/lladogrup.com\/es\/consejos-fiscales-para-antes-de-finalizar-el-ano-2023\/","og_locale":"es_ES","og_type":"article","og_title":"Consejos fiscales para antes de finalizar el a\u00f1o 2023 -Llad\u00f3 Grup-","og_description":"Los contribuyentes tanto personas f\u00edsicas como jur\u00eddicas,a\u00fan est\u00e1n a tiempo de tomar las \u00faltimas decisiones para optimizar el ejercicio 2023.","og_url":"https:\/\/lladogrup.com\/es\/consejos-fiscales-para-antes-de-finalizar-el-ano-2023\/","og_site_name":"Llad\u00f3 Grup","article_published_time":"2023-12-05T10:54:45+00:00","article_modified_time":"2023-12-05T10:54:46+00:00","og_image":[{"width":520,"height":272,"url":"https:\/\/lladogrup.com\/wp-content\/uploads\/2023\/12\/20231205-Recomendaciones_final_ano_2023-520x272-1.jpg","type":"image\/jpeg"}],"author":"LladogrupSB","twitter_card":"summary_large_image","twitter_misc":{"Escrito por":"LladogrupSB","Tiempo de lectura":"4 minutos"},"schema":{"@context":"https:\/\/schema.org","@graph":[{"@type":"Article","@id":"https:\/\/lladogrup.com\/es\/consejos-fiscales-para-antes-de-finalizar-el-ano-2023\/#article","isPartOf":{"@id":"https:\/\/lladogrup.com\/es\/consejos-fiscales-para-antes-de-finalizar-el-ano-2023\/"},"author":{"name":"LladogrupSB","@id":"https:\/\/lladogrup.com\/#\/schema\/person\/fae891704510562cc35f2a910871bb7a"},"headline":"Consejos fiscales para antes de finalizar el a\u00f1o 2023","datePublished":"2023-12-05T10:54:45+00:00","dateModified":"2023-12-05T10:54:46+00:00","mainEntityOfPage":{"@id":"https:\/\/lladogrup.com\/es\/consejos-fiscales-para-antes-de-finalizar-el-ano-2023\/"},"wordCount":906,"image":{"@id":"https:\/\/lladogrup.com\/es\/consejos-fiscales-para-antes-de-finalizar-el-ano-2023\/#primaryimage"},"thumbnailUrl":"https:\/\/lladogrup.com\/wp-content\/uploads\/2023\/12\/20231205-Recomendaciones_final_ano_2023-520x272-1.jpg","articleSection":["Aut\u00f3nomos","Clientes","Fiscal","Gran empresa","Particulares","Patrimonial","Pymes"],"inLanguage":"es"},{"@type":"WebPage","@id":"https:\/\/lladogrup.com\/es\/consejos-fiscales-para-antes-de-finalizar-el-ano-2023\/","url":"https:\/\/lladogrup.com\/es\/consejos-fiscales-para-antes-de-finalizar-el-ano-2023\/","name":"Consejos fiscales para antes de finalizar el a\u00f1o 2023 -Llad\u00f3 Grup-","isPartOf":{"@id":"https:\/\/lladogrup.com\/#website"},"primaryImageOfPage":{"@id":"https:\/\/lladogrup.com\/es\/consejos-fiscales-para-antes-de-finalizar-el-ano-2023\/#primaryimage"},"image":{"@id":"https:\/\/lladogrup.com\/es\/consejos-fiscales-para-antes-de-finalizar-el-ano-2023\/#primaryimage"},"thumbnailUrl":"https:\/\/lladogrup.com\/wp-content\/uploads\/2023\/12\/20231205-Recomendaciones_final_ano_2023-520x272-1.jpg","datePublished":"2023-12-05T10:54:45+00:00","dateModified":"2023-12-05T10:54:46+00:00","author":{"@id":"https:\/\/lladogrup.com\/#\/schema\/person\/fae891704510562cc35f2a910871bb7a"},"description":"Los contribuyentes tanto personas f\u00edsicas como jur\u00eddicas,a\u00fan est\u00e1n a tiempo de tomar las \u00faltimas decisiones para optimizar el ejercicio 2023.","breadcrumb":{"@id":"https:\/\/lladogrup.com\/es\/consejos-fiscales-para-antes-de-finalizar-el-ano-2023\/#breadcrumb"},"inLanguage":"es","potentialAction":[{"@type":"ReadAction","target":["https:\/\/lladogrup.com\/es\/consejos-fiscales-para-antes-de-finalizar-el-ano-2023\/"]}]},{"@type":"ImageObject","inLanguage":"es","@id":"https:\/\/lladogrup.com\/es\/consejos-fiscales-para-antes-de-finalizar-el-ano-2023\/#primaryimage","url":"https:\/\/lladogrup.com\/wp-content\/uploads\/2023\/12\/20231205-Recomendaciones_final_ano_2023-520x272-1.jpg","contentUrl":"https:\/\/lladogrup.com\/wp-content\/uploads\/2023\/12\/20231205-Recomendaciones_final_ano_2023-520x272-1.jpg","width":520,"height":272,"caption":"Consejos fiscales"},{"@type":"BreadcrumbList","@id":"https:\/\/lladogrup.com\/es\/consejos-fiscales-para-antes-de-finalizar-el-ano-2023\/#breadcrumb","itemListElement":[{"@type":"ListItem","position":1,"name":"Portada","item":"https:\/\/lladogrup.com\/es\/"},{"@type":"ListItem","position":2,"name":"Consejos fiscales para antes de finalizar el a\u00f1o 2023"}]},{"@type":"WebSite","@id":"https:\/\/lladogrup.com\/#website","url":"https:\/\/lladogrup.com\/","name":"Llad\u00f3 Grup","description":"Consultoria i gestoria","potentialAction":[{"@type":"SearchAction","target":{"@type":"EntryPoint","urlTemplate":"https:\/\/lladogrup.com\/?s={search_term_string}"},"query-input":{"@type":"PropertyValueSpecification","valueRequired":true,"valueName":"search_term_string"}}],"inLanguage":"es"},{"@type":"Person","@id":"https:\/\/lladogrup.com\/#\/schema\/person\/fae891704510562cc35f2a910871bb7a","name":"LladogrupSB","image":{"@type":"ImageObject","inLanguage":"es","@id":"https:\/\/secure.gravatar.com\/avatar\/e8dab0ac617b31013790aba77d3585a0fc0040d861b8f20b54660334fea26d66?s=96&d=mm&r=g","url":"https:\/\/secure.gravatar.com\/avatar\/e8dab0ac617b31013790aba77d3585a0fc0040d861b8f20b54660334fea26d66?s=96&d=mm&r=g","contentUrl":"https:\/\/secure.gravatar.com\/avatar\/e8dab0ac617b31013790aba77d3585a0fc0040d861b8f20b54660334fea26d66?s=96&d=mm&r=g","caption":"LladogrupSB"}}]}},"_links":{"self":[{"href":"https:\/\/lladogrup.com\/es\/wp-json\/wp\/v2\/posts\/71635","targetHints":{"allow":["GET"]}}],"collection":[{"href":"https:\/\/lladogrup.com\/es\/wp-json\/wp\/v2\/posts"}],"about":[{"href":"https:\/\/lladogrup.com\/es\/wp-json\/wp\/v2\/types\/post"}],"author":[{"embeddable":true,"href":"https:\/\/lladogrup.com\/es\/wp-json\/wp\/v2\/users\/2"}],"replies":[{"embeddable":true,"href":"https:\/\/lladogrup.com\/es\/wp-json\/wp\/v2\/comments?post=71635"}],"version-history":[{"count":7,"href":"https:\/\/lladogrup.com\/es\/wp-json\/wp\/v2\/posts\/71635\/revisions"}],"predecessor-version":[{"id":71658,"href":"https:\/\/lladogrup.com\/es\/wp-json\/wp\/v2\/posts\/71635\/revisions\/71658"}],"wp:featuredmedia":[{"embeddable":true,"href":"https:\/\/lladogrup.com\/es\/wp-json\/wp\/v2\/media\/71644"}],"wp:attachment":[{"href":"https:\/\/lladogrup.com\/es\/wp-json\/wp\/v2\/media?parent=71635"}],"wp:term":[{"taxonomy":"category","embeddable":true,"href":"https:\/\/lladogrup.com\/es\/wp-json\/wp\/v2\/categories?post=71635"},{"taxonomy":"post_tag","embeddable":true,"href":"https:\/\/lladogrup.com\/es\/wp-json\/wp\/v2\/tags?post=71635"}],"curies":[{"name":"wp","href":"https:\/\/api.w.org\/{rel}","templated":true}]}}