{"id":65817,"date":"2022-12-14T15:16:29","date_gmt":"2022-12-14T14:16:29","guid":{"rendered":"https:\/\/lladogrup.com\/?p=65817"},"modified":"2022-12-14T15:23:06","modified_gmt":"2022-12-14T14:23:06","slug":"actualidad-juridica-despido-improcedente","status":"publish","type":"post","link":"https:\/\/lladogrup.com\/es\/actualidad-juridica-despido-improcedente\/","title":{"rendered":"Despido improcedente: es posible reconocer una indemnizaci\u00f3n complementaria a la legal"},"content":{"rendered":"<div class=\"wpb-content-wrapper\"><p>[vc_row][vc_column width=\u00bb1\/2&#8243;]<div id=\"ultimate-heading-163769f23747e1324\" class=\"uvc-heading ult-adjust-bottom-margin ultimate-heading-163769f23747e1324 uvc-5034  uvc-heading-default-font-sizes\" data-hspacer=\"no_spacer\"  data-halign=\"left\" style=\"text-align:left\"><div class=\"uvc-heading-spacer no_spacer\" style=\"top\"><\/div><div class=\"uvc-main-heading ult-responsive\"  data-ultimate-target='.uvc-heading.ultimate-heading-163769f23747e1324 h2'  data-responsive-json-new='{\"font-size\":\"\",\"line-height\":\"\"}' ><h2 style=\"--font-weight:theme;\">Despido improcedente: es posible reconocer una indemnizaci\u00f3n complementaria a la legal. Sentencia 16\/09\/2022 del TSJCAT.<\/h2><\/div><\/div>[\/vc_column][vc_column width=\u00bb1\/2&#8243;][vc_column_text]<\/p>\n<p style=\"text-align: justify;\"><strong>La aplicaci\u00f3n del art. 10 del Convenio n.\u00ba 158 de la OIT puede comportar que se precise superar los umbrales legales.<\/strong><\/p>\n<p style=\"text-align: justify;\">La Sala de lo Social del Tribunal Superior de Justicia de Catalu\u00f1a ha declarado que, en aquellos escenarios excepcionales en los que la indemnizaci\u00f3n por despido pueda resultar\u00a0<strong>inadecuada o insuficiente<\/strong>, la aplicaci\u00f3n del\u00a0<a href=\"https:\/\/www.boe.es\/diario_boe\/txt.php?id=BOE-A-1985-12535\" target=\"_blank\" rel=\"noopener\">Convenio n.\u00ba 158 de la Organizaci\u00f3n Internacional del Trabajo<\/a>\u00a0(OIT) habilita que se puedan superar los umbrales marcados por nuestra ley nacional.<\/p>\n<p style=\"text-align: justify;\">La sentencia,\u00a0<strong>de 16 de septiembre de 2022<\/strong>, recoge que \u201cser\u00eda aconsejable que el legislador efectuara una\u00a0<strong>profunda revisi\u00f3n de nuestro modelo de despido<\/strong>\u00a0y de extinci\u00f3n de contratos en tanto que el actual marco legal crea obvias disfunciones\u201d.<\/p>\n<p>[\/vc_column_text][\/vc_column][\/vc_row][vc_row][vc_column]<div id=\"ultimate-heading-44769f23747e13d0\" class=\"uvc-heading ult-adjust-bottom-margin ultimate-heading-44769f23747e13d0 uvc-2414  uvc-heading-default-font-sizes\" data-hspacer=\"no_spacer\"  data-halign=\"left\" style=\"text-align:left\"><div class=\"uvc-heading-spacer no_spacer\" style=\"top\"><\/div><div class=\"uvc-main-heading ult-responsive\"  data-ultimate-target='.uvc-heading.ultimate-heading-44769f23747e13d0 h3'  data-responsive-json-new='{\"font-size\":\"\",\"line-height\":\"\"}' ><h3 style=\"--font-weight:theme;margin-bottom:10px;\">El caso<\/h3><\/div><\/div>[vc_column_text]<\/p>\n<p style=\"text-align: justify;\">En noviembre de 2021, el Juzgado de lo Social n.\u00ba 22 de Barcelona desestim\u00f3 la pretensi\u00f3n principal de la acci\u00f3n acumulada en la demanda formulada por la trabajadora en la que se postulaba la calificaci\u00f3n jur\u00eddica de nulidad del despido y acogi\u00f3 la subsidiaria,\u00a0<strong>declar\u00e1ndolo improcedente<\/strong>, al entender inh\u00e1bil el pacto de per\u00edodo de prueba que pudiera habilitar la extinci\u00f3n a causal que eligi\u00f3 la empresa demandada.<\/p>\n<p style=\"text-align: justify;\">Como consecuencia de la declaraci\u00f3n de improcedencia, el Magistrado-Juez estableci\u00f3 el\u00a0<em>quantum<\/em>\u00a0indemnizatorio de 33 d\u00edas de salario por a\u00f1o de servicio. En concreto, partiendo del par\u00e1metro de la antig\u00fcedad (18 de junio de 2020) y del salario (82,19 euros diarios), el Juzgado interpret\u00f3 que a la trabajadora le correspond\u00eda una <strong>indemnizaci\u00f3n total<\/strong> de\u00a0<strong>1.130,14 euros<\/strong>\u00a0y no los\u00a0<strong>51.780 euros<\/strong>\u00a0solicitados con fundamento en el eventual incumplimiento del Convenio n.\u00ba 158 de la OIT por considerar dicha indemnizaci\u00f3n por despido improcedente\u00a0<strong>no suficientemente disuasoria<\/strong>.<\/p>\n<p style=\"text-align: justify;\">Contra la anterior resoluci\u00f3n se alz\u00f3 en suplicaci\u00f3n la actora alegando que la indemnizaci\u00f3n legal por despido que se fij\u00f3 en la sentencia arriba citada deb\u00eda recoger los totales da\u00f1os y perjuicios que el il\u00edcito acto empresarial le caus\u00f3.<\/p>\n<p>[\/vc_column_text][\/vc_column][\/vc_row][vc_row][vc_column]<div id=\"ultimate-heading-606969f23747e143c\" class=\"uvc-heading ult-adjust-bottom-margin ultimate-heading-606969f23747e143c uvc-7066  uvc-heading-default-font-sizes\" data-hspacer=\"no_spacer\"  data-halign=\"left\" style=\"text-align:left\"><div class=\"uvc-heading-spacer no_spacer\" style=\"top\"><\/div><div class=\"uvc-main-heading ult-responsive\"  data-ultimate-target='.uvc-heading.ultimate-heading-606969f23747e143c h3'  data-responsive-json-new='{\"font-size\":\"\",\"line-height\":\"\"}' ><h3 style=\"--font-weight:theme;margin-bottom:10px;\">Indemnizaci\u00f3n superior si la tasada es notoriamente insuficiente<\/h3><\/div><\/div>[vc_column_text]<\/p>\n<p style=\"text-align: justify;\">En primer lugar, cabe recordar en este sentido que el art. 10 del Convenio n.\u00ba 158 de la OIT prev\u00e9 de forma expresa que \u201csi los organismos mencionados en el art. 8 del presente Convenio llegan a la conclusi\u00f3n de que la terminaci\u00f3n de la relaci\u00f3n de trabajo es injustificada y si en virtud de la legislaci\u00f3n y la pr\u00e1ctica nacionales no estuvieran facultados o no consideraran posible, dadas las circunstancias, anular la terminaci\u00f3n y eventualmente ordenar o proponer la readmisi\u00f3n del trabajador,\u00a0<strong>tendr\u00e1n la facultad de ordenar el pago de una indemnizaci\u00f3n adecuada u otra reparaci\u00f3n que se considere apropiada<\/strong>\u201d.<\/p>\n<p style=\"text-align: justify;\">En opini\u00f3n de la Sala de lo Social del TSJ de Catalu\u00f1a, es posible que, \u201cen determinados supuestos excepcionales\u201d, la indemnizaci\u00f3n resultante por aplicaci\u00f3n de los par\u00e1metros de la ley\u00a0<strong>no resulte \u201cadecuada\u201d<\/strong>\u00a0y, por tanto, contraria al reproducido art. 10 del Convenio n.\u00ba 158 de la OIT. En estos escenarios, seg\u00fan el Tribunal, \u201c<strong>no resulta descartable que se superen los l\u00edmites legales<\/strong>\u201d. Eso s\u00ed, para que ello ocurra ser\u00e1 necesario la concurrencia de\u00a0<strong>dos requisitos<\/strong>:<\/p>\n<ul style=\"text-align: justify;\">\n<li>Por un lado, \u201cla notoria y evidente\u00a0<strong>insuficiencia<\/strong>de la indemnizaci\u00f3n por resultar la misma manifiestamente exigua;<\/li>\n<li>Por otro, \u201cque sea clara y evidente la existencia de una\u00a0<strong>ilegalidad, fraude de ley o abuso de derecho\u00a0<\/strong>en la decisi\u00f3n empresarial extintiva del contrato\u201d.<\/li>\n<\/ul>\n<p style=\"text-align: justify;\">No obstante, esta posibilidad \u201cinusual\u201d siempre deber\u00eda de adecuarse a \u201c<strong>l\u00edmites objetivos<\/strong>\u201d, ya que, en caso contrario, nos enfrentar\u00edamos ante posibles \u201csubjetivismos\u201d e \u201cincertidumbres jur\u00eddicas\u201d que conllevar\u00edan \u201c<strong>desconcierto<\/strong>\u201d entre los operadores jur\u00eddicos.<\/p>\n<p style=\"text-align: justify;\">Pues bien, al hilo de lo anterior cabe indicar que nuestra legislaci\u00f3n positiva regula un concreto supuesto de disponibilidad sobre las indemnizaciones tasadas. En particular, tendr\u00edamos que situarnos en el\u00a0<a href=\"https:\/\/www.boe.es\/buscar\/act.php?id=BOE-A-2011-15936\" target=\"_blank\" rel=\"noopener\">art. 281.2 b) de la LRJS<\/a>\u00a0el cual permite el incremento de los l\u00edmites del art. 56 del ET en hasta quince d\u00edas por a\u00f1o de servicio y un m\u00e1ximo de 12 mensualidades.<\/p>\n<p style=\"text-align: justify;\">Por \u00faltimo, en palabras del Tribunal, \u201cser\u00eda aconsejable que el legislador efectuara una\u00a0<strong>profunda revisi\u00f3n\u00a0<\/strong>de nuestro modelo de despido y de extinci\u00f3n de contratos en tanto que el actual marco legal crea obvias\u00a0<strong>disfunciones<\/strong>\u201d.<\/p>\n<p>[\/vc_column_text][\/vc_column][\/vc_row][vc_row][vc_column]<div id=\"ultimate-heading-757369f23747e14a7\" class=\"uvc-heading ult-adjust-bottom-margin ultimate-heading-757369f23747e14a7 uvc-7173  uvc-heading-default-font-sizes\" data-hspacer=\"no_spacer\"  data-halign=\"left\" style=\"text-align:left\"><div class=\"uvc-heading-spacer no_spacer\" style=\"top\"><\/div><div class=\"uvc-main-heading ult-responsive\"  data-ultimate-target='.uvc-heading.ultimate-heading-757369f23747e14a7 h3'  data-responsive-json-new='{\"font-size\":\"\",\"line-height\":\"\"}' ><h3 style=\"--font-weight:theme;margin-bottom:10px;\">Otros conceptos resarcitorios<\/h3><\/div><\/div>[vc_column_text]<\/p>\n<p style=\"text-align: justify;\">La sentencia reitera que, siempre que la indemnizaci\u00f3n legal y tasada resulte \u201cnotoriamente insuficiente\u201d, cabr\u00e1 fijarse otra superior \u201cque alcance a compensar los totales da\u00f1os y perjuicios\u201d. En concreto, nos referimos por ejemplo al posible\u00a0<strong>da\u00f1o emergente<\/strong>, al\u00a0<strong>lucro cesante<\/strong>, al\u00a0<strong>da\u00f1o moral<\/strong>, etc.<\/p>\n<p style=\"text-align: justify;\">En todo caso, como es l\u00f3gico, para eludir cualquier s\u00edntoma de arbitrariedad sobre la posibilidad de ampliaci\u00f3n de la indemnizaci\u00f3n legal o sobre la concreta fijaci\u00f3n de su\u00a0<em>quantum<\/em>, el Tribunal explica que ser\u00e1 necesario que el empleado despedido concrete en el\u00a0<em>petitum<\/em>\u00a0de su demanda los\u00a0<strong>da\u00f1os y<\/strong> <strong>perjuicios<\/strong>\u00a0<strong>espec\u00edficos<\/strong>\u00a0que necesiten de compensaci\u00f3n y la prueba contradictoria de su\u00a0<em>quantum<\/em>.<\/p>\n<p style=\"text-align: justify;\"><strong>\u00abSer\u00eda aconsejable que el legislador efectuara una\u00a0profunda revisi\u00f3n\u00a0de nuestro modelo de despido\u00bb.<\/strong><\/p>\n<p style=\"text-align: justify;\">De hecho, en el caso de autos, la trabajadora ha solicitado una indemnizaci\u00f3n mayor a la prevista\u00a0<strong>sin alegar ni probar los concretos da\u00f1os y perjuicios padecidos<\/strong>, como podr\u00edan haber sido los gastos de desplazamiento, alquileres o el da\u00f1o moral causado por abandonar el ambiente familiar y social consolidado. Sin embargo, \u201cesto no fue as\u00ed\u201d, alerta el TSJ. Es decir, \u201cla soluci\u00f3n al conflicto\u00a0<strong>no puede estar basada en simple voluntarismo de equidad<\/strong>\u201d, alerta el reciente fallo.<\/p>\n<p style=\"text-align: justify;\">En definitiva, el Tribunal desestima el recurso formulado por la empleada y muestra su conformidad en fijar el\u00a0<em>quantum<\/em>\u00a0indemnizatorio por despido en la suma de 1.130,14 euros.<\/p>\n<p>[\/vc_column_text][\/vc_column][\/vc_row][vc_row][vc_column]<div id=\"ultimate-heading-682069f23747e1522\" class=\"uvc-heading ult-adjust-bottom-margin ultimate-heading-682069f23747e1522 uvc-8246  uvc-heading-default-font-sizes\" data-hspacer=\"no_spacer\"  data-halign=\"left\" style=\"text-align:left\"><div class=\"uvc-heading-spacer no_spacer\" style=\"top\"><\/div><div class=\"uvc-main-heading ult-responsive\"  data-ultimate-target='.uvc-heading.ultimate-heading-682069f23747e1522 h3'  data-responsive-json-new='{\"font-size\":\"\",\"line-height\":\"\"}' ><h3 style=\"--font-weight:theme;margin-bottom:10px;\">No es la primera sentencia que recoge esta posibilidad<\/h3><\/div><\/div>[vc_column_text]El TSJ de Catalu\u00f1a, desde abril de 2021, viene dictando sentencias en este id\u00e9ntico sentido. En concreto, podr\u00edamos citar, entre otras, las siguientes:<\/p>\n<ul>\n<li>Sentencia 2265\/2021, de 23 de abril.<\/li>\n<li>Sentencia 2273\/2021, de 23 de abril.<\/li>\n<li>Sentencia 2757\/2021, de 20 de mayo.<\/li>\n<li>Sentencia 3812\/2021, de 14 de julio.<\/li>\n<li>Sentencia 3195\/2022, de 30 de mayo.<\/li>\n<li>Sentencia 3927\/2022, de 4 de julio.<\/li>\n<li>Sentencia 3909\/2022, de 4 de julio<\/li>\n<\/ul>\n<p>[\/vc_column_text][\/vc_column][\/vc_row][vc_row][vc_column]<div id=\"ultimate-heading-414669f23747e1585\" class=\"uvc-heading ult-adjust-bottom-margin ultimate-heading-414669f23747e1585 uvc-7111  uvc-heading-default-font-sizes\" data-hspacer=\"no_spacer\"  data-halign=\"left\" style=\"text-align:left\"><div class=\"uvc-heading-spacer no_spacer\" style=\"top\"><\/div><div class=\"uvc-main-heading ult-responsive\"  data-ultimate-target='.uvc-heading.ultimate-heading-414669f23747e1585 h3'  data-responsive-json-new='{\"font-size\":\"\",\"line-height\":\"\"}' ><h3 style=\"--font-weight:theme;margin-bottom:10px;\">LRJS Art\u00edculo 281. Auto de resoluci\u00f3n del incidente.<\/h3><\/div><\/div>[vc_column_text]<\/p>\n<ol>\n<li style=\"text-align: justify;\">En la comparecencia, la parte o partes que concurran ser\u00e1n examinadas por el juez sobre los hechos de la no readmisi\u00f3n o de la readmisi\u00f3n irregular alegada, aport\u00e1ndose \u00fanicamente aquellas pruebas que, pudi\u00e9ndose practicar en el momento, el juez estime pertinentes. De lo actuado se extender\u00e1 la correspondiente acta.<\/li>\n<li>Dentro de los tres d\u00edas siguientes, el juez dictar\u00e1 auto en el que, salvo en los casos donde no resulte acreditada ninguna de las dos circunstancias alegadas por el ejecutante:\n<ol>\n<li style=\"text-align: justify;\">Declarar\u00e1 extinguida la relaci\u00f3n laboral en la fecha de dicha resoluci\u00f3n.<\/li>\n<li style=\"text-align: justify;\">Acordar\u00e1 se abone al trabajador las percepciones econ\u00f3micas previstas en los apartados 1 y 2 del art\u00edculo 56 del Estatuto de los Trabajadores. <strong>En atenci\u00f3n a las circunstancias concurrentes y a los perjuicios ocasionados por la no readmisi\u00f3n o por la readmisi\u00f3n irregular, podr\u00e1 fijar una indemnizaci\u00f3n adicional de hasta quince d\u00edas de salario por a\u00f1o de servicio y un m\u00e1ximo de doce mensualidades<\/strong>. En ambos casos, se prorratear\u00e1n los periodos de tiempo inferiores a un a\u00f1o y se computar\u00e1, como tiempo de servicio el transcurrido hasta la fecha del auto.<\/li>\n<li style=\"text-align: justify;\">Condenar\u00e1 al empresario al abono de los salarios dejados de percibir desde la fecha de la notificaci\u00f3n de la sentencia que por primera vez declare la improcedencia hasta la de la mencionada soluci\u00f3n.<\/li>\n<\/ol>\n<\/li>\n<\/ol>\n<p>Se modifica la letra b) del apartado 2 por el art.25 de la Ley 3\/2012, de 6 de julio. <a href=\"https:\/\/www.boe.es\/buscar\/doc.php?id=BOE-A-2012-9110\" target=\"_blank\" rel=\"noopener\">Ref. BOE-A-2012-9110<\/a>.<\/p>\n<p>Se modifica la letra b) del apartado 2 por el art.25 del Real Decreto-ley 3\/2012, de 10 de febrero. <a href=\"https:\/\/www.boe.es\/buscar\/doc.php?id=BOE-A-2012-2076\" target=\"_blank\" rel=\"noopener\">Ref. BOE-A-2012-2076<\/a>.[\/vc_column_text][\/vc_column][\/vc_row][vc_row][vc_column][vc_column_text]<strong>M\u00aa Jos\u00e9 Mondrag\u00f3n L\u00f3pez<\/strong><\/p>\n<p>Abogada<\/p>\n<p>Departamento Jur\u00eddico[\/vc_column_text][\/vc_column][\/vc_row]<\/p>\n<\/div>","protected":false},"excerpt":{"rendered":"<p>[vc_row][vc_column width=\u00bb1\/2&#8243;][\/vc_column][vc_column width=\u00bb1\/2&#8243;][vc_column_text] La aplicaci\u00f3n del art. 10 del Convenio n.\u00ba 158 de la OIT puede comportar que se precise superar los umbrales legales. La Sala de lo Social del Tribunal Superior de Justicia de Catalu\u00f1a ha declarado que, en aquellos escenarios excepcionales en los que la indemnizaci\u00f3n por despido pueda resultar\u00a0inadecuada o insuficiente, la&hellip;<\/p>\n","protected":false},"author":2,"featured_media":65838,"comment_status":"open","ping_status":"open","sticky":false,"template":"","format":"standard","meta":{"_joinchat":[],"footnotes":""},"categories":[612],"tags":[],"class_list":["post-65817","post","type-post","status-publish","format-standard","has-post-thumbnail","hentry","category-circulares","category-612","description-off"],"yoast_head":"<!-- This site is optimized with the Yoast SEO plugin v27.3 - https:\/\/yoast.com\/product\/yoast-seo-wordpress\/ -->\n<title>Nueva sentencia sobre despido improcedente -Llad\u00f3 Grup-<\/title>\n<meta name=\"description\" content=\"Despido improcedente: es posible reconocer una indemnizaci\u00f3n complementaria a la legal. www.lladogrup.com\" \/>\n<meta name=\"robots\" content=\"index, follow, max-snippet:-1, max-image-preview:large, max-video-preview:-1\" \/>\n<link rel=\"canonical\" href=\"https:\/\/lladogrup.com\/es\/actualidad-juridica-despido-improcedente\/\" \/>\n<meta property=\"og:locale\" content=\"es_ES\" \/>\n<meta property=\"og:type\" content=\"article\" \/>\n<meta property=\"og:title\" content=\"Nueva sentencia sobre despido improcedente -Llad\u00f3 Grup-\" \/>\n<meta property=\"og:description\" content=\"Despido improcedente: es posible reconocer una indemnizaci\u00f3n complementaria a la legal. www.lladogrup.com\" \/>\n<meta property=\"og:url\" content=\"https:\/\/lladogrup.com\/es\/actualidad-juridica-despido-improcedente\/\" \/>\n<meta property=\"og:site_name\" content=\"Llad\u00f3 Grup\" \/>\n<meta property=\"article:published_time\" content=\"2022-12-14T14:16:29+00:00\" \/>\n<meta property=\"article:modified_time\" content=\"2022-12-14T14:23:06+00:00\" \/>\n<meta property=\"og:image\" content=\"https:\/\/lladogrup.com\/wp-content\/uploads\/2022\/12\/20221225-acomidament_improcedent_Sentencia-520x272-1.jpg\" \/>\n\t<meta property=\"og:image:width\" content=\"520\" \/>\n\t<meta property=\"og:image:height\" content=\"272\" \/>\n\t<meta property=\"og:image:type\" content=\"image\/jpeg\" \/>\n<meta name=\"author\" content=\"LladogrupSB\" \/>\n<meta name=\"twitter:card\" content=\"summary_large_image\" \/>\n<meta name=\"twitter:label1\" content=\"Escrito por\" \/>\n\t<meta name=\"twitter:data1\" content=\"LladogrupSB\" \/>\n\t<meta name=\"twitter:label2\" content=\"Tiempo de lectura\" \/>\n\t<meta name=\"twitter:data2\" content=\"8 minutos\" \/>\n<script type=\"application\/ld+json\" class=\"yoast-schema-graph\">{\"@context\":\"https:\\\/\\\/schema.org\",\"@graph\":[{\"@type\":\"Article\",\"@id\":\"https:\\\/\\\/lladogrup.com\\\/es\\\/actualidad-juridica-despido-improcedente\\\/#article\",\"isPartOf\":{\"@id\":\"https:\\\/\\\/lladogrup.com\\\/es\\\/actualidad-juridica-despido-improcedente\\\/\"},\"author\":{\"name\":\"LladogrupSB\",\"@id\":\"https:\\\/\\\/lladogrup.com\\\/#\\\/schema\\\/person\\\/fae891704510562cc35f2a910871bb7a\"},\"headline\":\"Despido improcedente: es posible reconocer una indemnizaci\u00f3n complementaria a la legal\",\"datePublished\":\"2022-12-14T14:16:29+00:00\",\"dateModified\":\"2022-12-14T14:23:06+00:00\",\"mainEntityOfPage\":{\"@id\":\"https:\\\/\\\/lladogrup.com\\\/es\\\/actualidad-juridica-despido-improcedente\\\/\"},\"wordCount\":1549,\"commentCount\":0,\"image\":{\"@id\":\"https:\\\/\\\/lladogrup.com\\\/es\\\/actualidad-juridica-despido-improcedente\\\/#primaryimage\"},\"thumbnailUrl\":\"https:\\\/\\\/lladogrup.com\\\/wp-content\\\/uploads\\\/2022\\\/12\\\/20221225-acomidament_improcedent_Sentencia-520x272-1.jpg\",\"articleSection\":[\"Circulares\"],\"inLanguage\":\"es\",\"potentialAction\":[{\"@type\":\"CommentAction\",\"name\":\"Comment\",\"target\":[\"https:\\\/\\\/lladogrup.com\\\/es\\\/actualidad-juridica-despido-improcedente\\\/#respond\"]}]},{\"@type\":\"WebPage\",\"@id\":\"https:\\\/\\\/lladogrup.com\\\/es\\\/actualidad-juridica-despido-improcedente\\\/\",\"url\":\"https:\\\/\\\/lladogrup.com\\\/es\\\/actualidad-juridica-despido-improcedente\\\/\",\"name\":\"Nueva sentencia sobre despido improcedente -Llad\u00f3 Grup-\",\"isPartOf\":{\"@id\":\"https:\\\/\\\/lladogrup.com\\\/#website\"},\"primaryImageOfPage\":{\"@id\":\"https:\\\/\\\/lladogrup.com\\\/es\\\/actualidad-juridica-despido-improcedente\\\/#primaryimage\"},\"image\":{\"@id\":\"https:\\\/\\\/lladogrup.com\\\/es\\\/actualidad-juridica-despido-improcedente\\\/#primaryimage\"},\"thumbnailUrl\":\"https:\\\/\\\/lladogrup.com\\\/wp-content\\\/uploads\\\/2022\\\/12\\\/20221225-acomidament_improcedent_Sentencia-520x272-1.jpg\",\"datePublished\":\"2022-12-14T14:16:29+00:00\",\"dateModified\":\"2022-12-14T14:23:06+00:00\",\"author\":{\"@id\":\"https:\\\/\\\/lladogrup.com\\\/#\\\/schema\\\/person\\\/fae891704510562cc35f2a910871bb7a\"},\"description\":\"Despido improcedente: es posible reconocer una indemnizaci\u00f3n complementaria a la legal. www.lladogrup.com\",\"breadcrumb\":{\"@id\":\"https:\\\/\\\/lladogrup.com\\\/es\\\/actualidad-juridica-despido-improcedente\\\/#breadcrumb\"},\"inLanguage\":\"es\",\"potentialAction\":[{\"@type\":\"ReadAction\",\"target\":[\"https:\\\/\\\/lladogrup.com\\\/es\\\/actualidad-juridica-despido-improcedente\\\/\"]}]},{\"@type\":\"ImageObject\",\"inLanguage\":\"es\",\"@id\":\"https:\\\/\\\/lladogrup.com\\\/es\\\/actualidad-juridica-despido-improcedente\\\/#primaryimage\",\"url\":\"https:\\\/\\\/lladogrup.com\\\/wp-content\\\/uploads\\\/2022\\\/12\\\/20221225-acomidament_improcedent_Sentencia-520x272-1.jpg\",\"contentUrl\":\"https:\\\/\\\/lladogrup.com\\\/wp-content\\\/uploads\\\/2022\\\/12\\\/20221225-acomidament_improcedent_Sentencia-520x272-1.jpg\",\"width\":520,\"height\":272},{\"@type\":\"BreadcrumbList\",\"@id\":\"https:\\\/\\\/lladogrup.com\\\/es\\\/actualidad-juridica-despido-improcedente\\\/#breadcrumb\",\"itemListElement\":[{\"@type\":\"ListItem\",\"position\":1,\"name\":\"Portada\",\"item\":\"https:\\\/\\\/lladogrup.com\\\/es\\\/\"},{\"@type\":\"ListItem\",\"position\":2,\"name\":\"Despido improcedente: es posible reconocer una indemnizaci\u00f3n complementaria a la legal\"}]},{\"@type\":\"WebSite\",\"@id\":\"https:\\\/\\\/lladogrup.com\\\/#website\",\"url\":\"https:\\\/\\\/lladogrup.com\\\/\",\"name\":\"Llad\u00f3 Grup\",\"description\":\"Consultoria i gestoria\",\"potentialAction\":[{\"@type\":\"SearchAction\",\"target\":{\"@type\":\"EntryPoint\",\"urlTemplate\":\"https:\\\/\\\/lladogrup.com\\\/?s={search_term_string}\"},\"query-input\":{\"@type\":\"PropertyValueSpecification\",\"valueRequired\":true,\"valueName\":\"search_term_string\"}}],\"inLanguage\":\"es\"},{\"@type\":\"Person\",\"@id\":\"https:\\\/\\\/lladogrup.com\\\/#\\\/schema\\\/person\\\/fae891704510562cc35f2a910871bb7a\",\"name\":\"LladogrupSB\",\"image\":{\"@type\":\"ImageObject\",\"inLanguage\":\"es\",\"@id\":\"https:\\\/\\\/secure.gravatar.com\\\/avatar\\\/e8dab0ac617b31013790aba77d3585a0fc0040d861b8f20b54660334fea26d66?s=96&d=mm&r=g\",\"url\":\"https:\\\/\\\/secure.gravatar.com\\\/avatar\\\/e8dab0ac617b31013790aba77d3585a0fc0040d861b8f20b54660334fea26d66?s=96&d=mm&r=g\",\"contentUrl\":\"https:\\\/\\\/secure.gravatar.com\\\/avatar\\\/e8dab0ac617b31013790aba77d3585a0fc0040d861b8f20b54660334fea26d66?s=96&d=mm&r=g\",\"caption\":\"LladogrupSB\"}}]}<\/script>\n<!-- \/ Yoast SEO plugin. -->","yoast_head_json":{"title":"Nueva sentencia sobre despido improcedente -Llad\u00f3 Grup-","description":"Despido improcedente: es posible reconocer una indemnizaci\u00f3n complementaria a la legal. www.lladogrup.com","robots":{"index":"index","follow":"follow","max-snippet":"max-snippet:-1","max-image-preview":"max-image-preview:large","max-video-preview":"max-video-preview:-1"},"canonical":"https:\/\/lladogrup.com\/es\/actualidad-juridica-despido-improcedente\/","og_locale":"es_ES","og_type":"article","og_title":"Nueva sentencia sobre despido improcedente -Llad\u00f3 Grup-","og_description":"Despido improcedente: es posible reconocer una indemnizaci\u00f3n complementaria a la legal. www.lladogrup.com","og_url":"https:\/\/lladogrup.com\/es\/actualidad-juridica-despido-improcedente\/","og_site_name":"Llad\u00f3 Grup","article_published_time":"2022-12-14T14:16:29+00:00","article_modified_time":"2022-12-14T14:23:06+00:00","og_image":[{"width":520,"height":272,"url":"https:\/\/lladogrup.com\/wp-content\/uploads\/2022\/12\/20221225-acomidament_improcedent_Sentencia-520x272-1.jpg","type":"image\/jpeg"}],"author":"LladogrupSB","twitter_card":"summary_large_image","twitter_misc":{"Escrito por":"LladogrupSB","Tiempo de lectura":"8 minutos"},"schema":{"@context":"https:\/\/schema.org","@graph":[{"@type":"Article","@id":"https:\/\/lladogrup.com\/es\/actualidad-juridica-despido-improcedente\/#article","isPartOf":{"@id":"https:\/\/lladogrup.com\/es\/actualidad-juridica-despido-improcedente\/"},"author":{"name":"LladogrupSB","@id":"https:\/\/lladogrup.com\/#\/schema\/person\/fae891704510562cc35f2a910871bb7a"},"headline":"Despido improcedente: es posible reconocer una indemnizaci\u00f3n complementaria a la legal","datePublished":"2022-12-14T14:16:29+00:00","dateModified":"2022-12-14T14:23:06+00:00","mainEntityOfPage":{"@id":"https:\/\/lladogrup.com\/es\/actualidad-juridica-despido-improcedente\/"},"wordCount":1549,"commentCount":0,"image":{"@id":"https:\/\/lladogrup.com\/es\/actualidad-juridica-despido-improcedente\/#primaryimage"},"thumbnailUrl":"https:\/\/lladogrup.com\/wp-content\/uploads\/2022\/12\/20221225-acomidament_improcedent_Sentencia-520x272-1.jpg","articleSection":["Circulares"],"inLanguage":"es","potentialAction":[{"@type":"CommentAction","name":"Comment","target":["https:\/\/lladogrup.com\/es\/actualidad-juridica-despido-improcedente\/#respond"]}]},{"@type":"WebPage","@id":"https:\/\/lladogrup.com\/es\/actualidad-juridica-despido-improcedente\/","url":"https:\/\/lladogrup.com\/es\/actualidad-juridica-despido-improcedente\/","name":"Nueva sentencia sobre despido improcedente -Llad\u00f3 Grup-","isPartOf":{"@id":"https:\/\/lladogrup.com\/#website"},"primaryImageOfPage":{"@id":"https:\/\/lladogrup.com\/es\/actualidad-juridica-despido-improcedente\/#primaryimage"},"image":{"@id":"https:\/\/lladogrup.com\/es\/actualidad-juridica-despido-improcedente\/#primaryimage"},"thumbnailUrl":"https:\/\/lladogrup.com\/wp-content\/uploads\/2022\/12\/20221225-acomidament_improcedent_Sentencia-520x272-1.jpg","datePublished":"2022-12-14T14:16:29+00:00","dateModified":"2022-12-14T14:23:06+00:00","author":{"@id":"https:\/\/lladogrup.com\/#\/schema\/person\/fae891704510562cc35f2a910871bb7a"},"description":"Despido improcedente: es posible reconocer una indemnizaci\u00f3n complementaria a la legal. www.lladogrup.com","breadcrumb":{"@id":"https:\/\/lladogrup.com\/es\/actualidad-juridica-despido-improcedente\/#breadcrumb"},"inLanguage":"es","potentialAction":[{"@type":"ReadAction","target":["https:\/\/lladogrup.com\/es\/actualidad-juridica-despido-improcedente\/"]}]},{"@type":"ImageObject","inLanguage":"es","@id":"https:\/\/lladogrup.com\/es\/actualidad-juridica-despido-improcedente\/#primaryimage","url":"https:\/\/lladogrup.com\/wp-content\/uploads\/2022\/12\/20221225-acomidament_improcedent_Sentencia-520x272-1.jpg","contentUrl":"https:\/\/lladogrup.com\/wp-content\/uploads\/2022\/12\/20221225-acomidament_improcedent_Sentencia-520x272-1.jpg","width":520,"height":272},{"@type":"BreadcrumbList","@id":"https:\/\/lladogrup.com\/es\/actualidad-juridica-despido-improcedente\/#breadcrumb","itemListElement":[{"@type":"ListItem","position":1,"name":"Portada","item":"https:\/\/lladogrup.com\/es\/"},{"@type":"ListItem","position":2,"name":"Despido improcedente: es posible reconocer una indemnizaci\u00f3n complementaria a la legal"}]},{"@type":"WebSite","@id":"https:\/\/lladogrup.com\/#website","url":"https:\/\/lladogrup.com\/","name":"Llad\u00f3 Grup","description":"Consultoria i gestoria","potentialAction":[{"@type":"SearchAction","target":{"@type":"EntryPoint","urlTemplate":"https:\/\/lladogrup.com\/?s={search_term_string}"},"query-input":{"@type":"PropertyValueSpecification","valueRequired":true,"valueName":"search_term_string"}}],"inLanguage":"es"},{"@type":"Person","@id":"https:\/\/lladogrup.com\/#\/schema\/person\/fae891704510562cc35f2a910871bb7a","name":"LladogrupSB","image":{"@type":"ImageObject","inLanguage":"es","@id":"https:\/\/secure.gravatar.com\/avatar\/e8dab0ac617b31013790aba77d3585a0fc0040d861b8f20b54660334fea26d66?s=96&d=mm&r=g","url":"https:\/\/secure.gravatar.com\/avatar\/e8dab0ac617b31013790aba77d3585a0fc0040d861b8f20b54660334fea26d66?s=96&d=mm&r=g","contentUrl":"https:\/\/secure.gravatar.com\/avatar\/e8dab0ac617b31013790aba77d3585a0fc0040d861b8f20b54660334fea26d66?s=96&d=mm&r=g","caption":"LladogrupSB"}}]}},"_links":{"self":[{"href":"https:\/\/lladogrup.com\/es\/wp-json\/wp\/v2\/posts\/65817","targetHints":{"allow":["GET"]}}],"collection":[{"href":"https:\/\/lladogrup.com\/es\/wp-json\/wp\/v2\/posts"}],"about":[{"href":"https:\/\/lladogrup.com\/es\/wp-json\/wp\/v2\/types\/post"}],"author":[{"embeddable":true,"href":"https:\/\/lladogrup.com\/es\/wp-json\/wp\/v2\/users\/2"}],"replies":[{"embeddable":true,"href":"https:\/\/lladogrup.com\/es\/wp-json\/wp\/v2\/comments?post=65817"}],"version-history":[{"count":5,"href":"https:\/\/lladogrup.com\/es\/wp-json\/wp\/v2\/posts\/65817\/revisions"}],"predecessor-version":[{"id":65843,"href":"https:\/\/lladogrup.com\/es\/wp-json\/wp\/v2\/posts\/65817\/revisions\/65843"}],"wp:featuredmedia":[{"embeddable":true,"href":"https:\/\/lladogrup.com\/es\/wp-json\/wp\/v2\/media\/65838"}],"wp:attachment":[{"href":"https:\/\/lladogrup.com\/es\/wp-json\/wp\/v2\/media?parent=65817"}],"wp:term":[{"taxonomy":"category","embeddable":true,"href":"https:\/\/lladogrup.com\/es\/wp-json\/wp\/v2\/categories?post=65817"},{"taxonomy":"post_tag","embeddable":true,"href":"https:\/\/lladogrup.com\/es\/wp-json\/wp\/v2\/tags?post=65817"}],"curies":[{"name":"wp","href":"https:\/\/api.w.org\/{rel}","templated":true}]}}