{"id":64350,"date":"2022-06-22T10:50:31","date_gmt":"2022-06-22T09:50:31","guid":{"rendered":"https:\/\/lladogrup.com\/?p=64350"},"modified":"2022-06-22T10:50:31","modified_gmt":"2022-06-22T09:50:31","slug":"fechas-de-finalizacion-de-las-moratorias-sobre-las-medidas-covid-19","status":"publish","type":"post","link":"https:\/\/lladogrup.com\/es\/fechas-de-finalizacion-de-las-moratorias-sobre-las-medidas-covid-19\/","title":{"rendered":"Fechas de finalizaci\u00f3n de las moratorias sobre las medidas Covid-19"},"content":{"rendered":"<div class=\"wpb-content-wrapper\"><p>[vc_row][vc_column][vc_single_image image=\u00bb64355&#8243; img_size=\u00bbfull\u00bb alignment=\u00bbcenter\u00bb][\/vc_column][\/vc_row][vc_row css=\u00bb.vc_custom_1631109896967{padding-bottom: 20px !important;}\u00bb][vc_column][vc_column_text]<\/p>\n<p style=\"text-align: justify;\"><strong>El pasado 20 de marzo de 2020 se tuvieron que tomar importantes medidas de pol\u00edtica econ\u00f3mica y social con el objetivo principal de proteger a diferentes colectivos y mediante distintos instrumentos de apoyo de liquidez y solvencia de las empresas y aut\u00f3nomos delante de una crisis sanitaria y econ\u00f3mica derivada de la Covid-19.<\/strong><\/p>\n<p style=\"text-align: justify;\">La persistencia de la pandemia y la vulnerabilidad de las empresas en sectores m\u00e1s afectados hicieron preciso la extensi\u00f3n de algunas medidas excepcionales aprobando las <strong>moratorias<\/strong> que ahora ya est\u00e1n llegando a de sus fechas de finalizaci\u00f3n debido a su car\u00e1cter de plazo temporal.<\/p>\n<p style=\"text-align: justify;\">El Ilustre Colegio de Abogados de Madrid (ICAM) ha publicado un resumen de las <strong>fechas de finalizaci\u00f3n de las moratorias<\/strong> de diversas medidas adoptadas por el Gobierno para ayudar a los sectores m\u00e1s afectados por la Covid-19.<\/p>\n<p>[\/vc_column_text][\/vc_column][\/vc_row][vc_row css=\u00bb.vc_custom_1631109361052{padding-bottom: 20px !important;}\u00bb][vc_column][vc_btn title=\u00bbAsesor\u00eda para empresas\u00bb color=\u00bbdanger\u00bb size=\u00bblg\u00bb align=\u00bbcenter\u00bb i_icon_fontawesome=\u00bbfas fa-mouse\u00bb add_icon=\u00bbtrue\u00bb link=\u00bburl:https%3A%2F%2Flladogrup.com%2Fes%2Fasesoria%2F|target:_blank\u00bb][\/vc_column][\/vc_row][vc_row][vc_column]<div id=\"ultimate-heading-636769f292be809df\" class=\"uvc-heading ult-adjust-bottom-margin ultimate-heading-636769f292be809df uvc-5562 \" data-hspacer=\"no_spacer\"  data-halign=\"left\" style=\"text-align:left\"><div class=\"uvc-heading-spacer no_spacer\" style=\"top\"><\/div><div class=\"uvc-main-heading ult-responsive\"  data-ultimate-target='.uvc-heading.ultimate-heading-636769f292be809df h2'  data-responsive-json-new='{\"font-size\":\"desktop:22px;\",\"line-height\":\"\"}' ><h2 style=\"--font-weight:theme;margin-bottom:20px;\">Fechas de finalizaci\u00f3n de las moratorias <\/h2><\/div><\/div>[vc_column_text]<strong>Medidas laborales y de Seguridad Social que afectan a trabajadores, aut\u00f3nomos y empresas<\/strong><\/p>\n<ul>\n<li>El fin de la fecha m\u00e1xima para poder solicitar la exenci\u00f3n de cotizaci\u00f3n, as\u00ed como la exenci\u00f3n de la prestaci\u00f3n extraordinaria por cese de actividad se prev\u00e9 el 30 de junio de 2022.<\/li>\n<\/ul>\n<p><strong>Medidas que afectan a los arrendamientos<\/strong><\/p>\n<ul>\n<li>El fin de la suspensi\u00f3n del procedimiento de desahucio y de los lanzamientos para personas econ\u00f3micamente vulnerables sin alternativa habitacional finalizar\u00e1 el 30 de septiembre de 2022.<\/li>\n<li>La limitaci\u00f3n en la actualizaci\u00f3n anual del alquiler de la vivienda habitual se prev\u00e9 hasta 30 de junio de 2022 inclusive.<\/li>\n<\/ul>\n<p><strong>Medidas sociales<\/strong><\/p>\n<ul>\n<li>Como la del derecho a percibir el bono social o adquirir la condici\u00f3n de consumidor vulnerable se prev\u00e9 hasta el 30 de junio de 2022<strong>.<\/strong><\/li>\n<\/ul>\n<p><strong>Rebajas en el recibo de la luz y l\u00edmite de crecimiento en la tarifa de gas<\/strong><\/p>\n<ul>\n<li>Por el momento, se prev\u00e9 hasta el 30 de junio de 2022.<\/li>\n<\/ul>\n<p><strong>Respecto a medidas de car\u00e1cter mercantil<\/strong><\/p>\n<ul>\n<li>Entre las adoptadas en este \u00e1mbito, a los efectos de la causa legal de disoluci\u00f3n por p\u00e9rdidas, no se computar\u00e1n las de los ejercicios 2020 y 2021, las p\u00e9rdidas que reduzcan el patrimonio neto hasta la mitad del capital social no surtir\u00e1n efecto hasta el resultado del ejercicio 2022; asimismo, la moratoria concursal estar\u00e1 en vigor hasta 30 de junio de 2022.<\/li>\n<\/ul>\n<p><strong>Medidas financieras <\/strong><\/p>\n<ul>\n<li>La posibilidad de solicitar avales ICO; y la suspensi\u00f3n de liberalizaci\u00f3n de determinadas inversiones extranjeras directas; en ambos casos, hasta 31 de diciembre de 2022.<\/li>\n<\/ul>\n<p>[\/vc_column_text][\/vc_column][\/vc_row][vc_row][vc_column][vc_column_text]Si tu empresa se halla en alguno de los supuestos anteriores, puedes acceder a dicho cuadro de <strong>finalizaci\u00f3n de moratorias<\/strong> <a href=\"https:\/\/lladogrup.com\/wp-admin\/upload.php?item=64315\" target=\"_blank\" rel=\"noopener\">aqu\u00ed<\/a>[\/vc_column_text][\/vc_column][\/vc_row][vc_row][vc_column width=\u00bb1\/2&#8243;][vc_column_text]<\/p>\n<p style=\"text-align: center;\">Un <strong>equipo de expertos<\/strong> te asesoramos con tus dudas<\/p>\n<p>[\/vc_column_text][vc_btn title=\u00bbExpl\u00edcanos tu caso\u00bb style=\u00bbcustom\u00bb custom_background=\u00bb#fe5d3a\u00bb custom_text=\u00bb#ffffff\u00bb size=\u00bblg\u00bb align=\u00bbcenter\u00bb link=\u00bburl:https%3A%2F%2Flladogrup.com%2Fes%2Farea-comercial%2F|target:_blank\u00bb][\/vc_column][vc_column width=\u00bb1\/2&#8243;][vc_column_text]<\/p>\n<p style=\"text-align: center;\">Conoce los servicios de <strong>asesor\u00eda para empresas<\/strong>.<\/p>\n<p>[\/vc_column_text][vc_btn title=\u00bbAsesor\u00eda para empresas\u00bb style=\u00bbcustom\u00bb custom_background=\u00bb#fe5d3a\u00bb custom_text=\u00bb#ffffff\u00bb size=\u00bblg\u00bb align=\u00bbcenter\u00bb link=\u00bburl:https%3A%2F%2Flladogrup.com%2Fes%2Fasesoria%2F|target:_blank\u00bb][\/vc_column][\/vc_row]<\/p>\n<\/div>","protected":false},"excerpt":{"rendered":"<p>[vc_row][vc_column][vc_single_image image=\u00bb64355&#8243; img_size=\u00bbfull\u00bb alignment=\u00bbcenter\u00bb][\/vc_column][\/vc_row][vc_row css=\u00bb.vc_custom_1631109896967{padding-bottom: 20px !important;}\u00bb][vc_column][vc_column_text] El pasado 20 de marzo de 2020 se tuvieron que tomar importantes medidas de pol\u00edtica econ\u00f3mica y social con el objetivo principal de proteger a diferentes colectivos y mediante distintos instrumentos de apoyo de liquidez y solvencia de las empresas y aut\u00f3nomos delante de una crisis sanitaria y&hellip;<\/p>\n","protected":false},"author":2,"featured_media":64359,"comment_status":"closed","ping_status":"closed","sticky":false,"template":"","format":"standard","meta":{"_joinchat":[],"footnotes":""},"categories":[614,613,615,616,617],"tags":[],"class_list":["post-64350","post","type-post","status-publish","format-standard","has-post-thumbnail","hentry","category-autonomos","category-clientes","category-gran-empresa-es","category-particulares","category-pymes","category-614","category-613","category-615","category-616","category-617","description-off"],"yoast_head":"<!-- This site is optimized with the Yoast SEO plugin v27.3 - https:\/\/yoast.com\/product\/yoast-seo-wordpress\/ -->\n<title>Fechas de finalizaci\u00f3n de las moratorias medidas Covid-19 -Llad\u00f3 Grup-<\/title>\n<meta name=\"description\" content=\"las fechas de finalizaci\u00f3n de las moratorias de diversas medidas adoptadas por el Gobierno para ayudar a los sectores...\" \/>\n<meta name=\"robots\" content=\"index, follow, max-snippet:-1, max-image-preview:large, max-video-preview:-1\" \/>\n<link rel=\"canonical\" href=\"https:\/\/lladogrup.com\/es\/fechas-de-finalizacion-de-las-moratorias-sobre-las-medidas-covid-19\/\" \/>\n<meta property=\"og:locale\" content=\"es_ES\" \/>\n<meta property=\"og:type\" content=\"article\" \/>\n<meta property=\"og:title\" content=\"Fechas de finalizaci\u00f3n de las moratorias medidas Covid-19 -Llad\u00f3 Grup-\" \/>\n<meta property=\"og:description\" content=\"las fechas de finalizaci\u00f3n de las moratorias de diversas medidas adoptadas por el Gobierno para ayudar a los sectores...\" \/>\n<meta property=\"og:url\" content=\"https:\/\/lladogrup.com\/es\/fechas-de-finalizacion-de-las-moratorias-sobre-las-medidas-covid-19\/\" \/>\n<meta property=\"og:site_name\" content=\"Llad\u00f3 Grup\" \/>\n<meta property=\"article:published_time\" content=\"2022-06-22T09:50:31+00:00\" \/>\n<meta property=\"og:image\" content=\"https:\/\/lladogrup.com\/wp-content\/uploads\/2022\/06\/20220623-Dates_fi_moratories_Covid-520x272esp.jpg\" \/>\n\t<meta property=\"og:image:width\" content=\"520\" \/>\n\t<meta property=\"og:image:height\" content=\"272\" \/>\n\t<meta property=\"og:image:type\" content=\"image\/jpeg\" \/>\n<meta name=\"author\" content=\"LladogrupSB\" \/>\n<meta name=\"twitter:card\" content=\"summary_large_image\" \/>\n<meta name=\"twitter:label1\" content=\"Escrito por\" \/>\n\t<meta name=\"twitter:data1\" content=\"LladogrupSB\" \/>\n\t<meta name=\"twitter:label2\" content=\"Tiempo de lectura\" \/>\n\t<meta name=\"twitter:data2\" content=\"3 minutos\" \/>\n<script type=\"application\/ld+json\" class=\"yoast-schema-graph\">{\"@context\":\"https:\\\/\\\/schema.org\",\"@graph\":[{\"@type\":\"Article\",\"@id\":\"https:\\\/\\\/lladogrup.com\\\/es\\\/fechas-de-finalizacion-de-las-moratorias-sobre-las-medidas-covid-19\\\/#article\",\"isPartOf\":{\"@id\":\"https:\\\/\\\/lladogrup.com\\\/es\\\/fechas-de-finalizacion-de-las-moratorias-sobre-las-medidas-covid-19\\\/\"},\"author\":{\"name\":\"LladogrupSB\",\"@id\":\"https:\\\/\\\/lladogrup.com\\\/#\\\/schema\\\/person\\\/fae891704510562cc35f2a910871bb7a\"},\"headline\":\"Fechas de finalizaci\u00f3n de las moratorias sobre las medidas Covid-19\",\"datePublished\":\"2022-06-22T09:50:31+00:00\",\"mainEntityOfPage\":{\"@id\":\"https:\\\/\\\/lladogrup.com\\\/es\\\/fechas-de-finalizacion-de-las-moratorias-sobre-las-medidas-covid-19\\\/\"},\"wordCount\":680,\"image\":{\"@id\":\"https:\\\/\\\/lladogrup.com\\\/es\\\/fechas-de-finalizacion-de-las-moratorias-sobre-las-medidas-covid-19\\\/#primaryimage\"},\"thumbnailUrl\":\"https:\\\/\\\/lladogrup.com\\\/wp-content\\\/uploads\\\/2022\\\/06\\\/20220623-Dates_fi_moratories_Covid-520x272esp.jpg\",\"articleSection\":[\"Aut\u00f3nomos\",\"Clientes\",\"Gran empresa\",\"Particulares\",\"Pymes\"],\"inLanguage\":\"es\"},{\"@type\":\"WebPage\",\"@id\":\"https:\\\/\\\/lladogrup.com\\\/es\\\/fechas-de-finalizacion-de-las-moratorias-sobre-las-medidas-covid-19\\\/\",\"url\":\"https:\\\/\\\/lladogrup.com\\\/es\\\/fechas-de-finalizacion-de-las-moratorias-sobre-las-medidas-covid-19\\\/\",\"name\":\"Fechas de finalizaci\u00f3n de las moratorias medidas Covid-19 -Llad\u00f3 Grup-\",\"isPartOf\":{\"@id\":\"https:\\\/\\\/lladogrup.com\\\/#website\"},\"primaryImageOfPage\":{\"@id\":\"https:\\\/\\\/lladogrup.com\\\/es\\\/fechas-de-finalizacion-de-las-moratorias-sobre-las-medidas-covid-19\\\/#primaryimage\"},\"image\":{\"@id\":\"https:\\\/\\\/lladogrup.com\\\/es\\\/fechas-de-finalizacion-de-las-moratorias-sobre-las-medidas-covid-19\\\/#primaryimage\"},\"thumbnailUrl\":\"https:\\\/\\\/lladogrup.com\\\/wp-content\\\/uploads\\\/2022\\\/06\\\/20220623-Dates_fi_moratories_Covid-520x272esp.jpg\",\"datePublished\":\"2022-06-22T09:50:31+00:00\",\"author\":{\"@id\":\"https:\\\/\\\/lladogrup.com\\\/#\\\/schema\\\/person\\\/fae891704510562cc35f2a910871bb7a\"},\"description\":\"las fechas de finalizaci\u00f3n de las moratorias de diversas medidas adoptadas por el Gobierno para ayudar a los sectores...\",\"breadcrumb\":{\"@id\":\"https:\\\/\\\/lladogrup.com\\\/es\\\/fechas-de-finalizacion-de-las-moratorias-sobre-las-medidas-covid-19\\\/#breadcrumb\"},\"inLanguage\":\"es\",\"potentialAction\":[{\"@type\":\"ReadAction\",\"target\":[\"https:\\\/\\\/lladogrup.com\\\/es\\\/fechas-de-finalizacion-de-las-moratorias-sobre-las-medidas-covid-19\\\/\"]}]},{\"@type\":\"ImageObject\",\"inLanguage\":\"es\",\"@id\":\"https:\\\/\\\/lladogrup.com\\\/es\\\/fechas-de-finalizacion-de-las-moratorias-sobre-las-medidas-covid-19\\\/#primaryimage\",\"url\":\"https:\\\/\\\/lladogrup.com\\\/wp-content\\\/uploads\\\/2022\\\/06\\\/20220623-Dates_fi_moratories_Covid-520x272esp.jpg\",\"contentUrl\":\"https:\\\/\\\/lladogrup.com\\\/wp-content\\\/uploads\\\/2022\\\/06\\\/20220623-Dates_fi_moratories_Covid-520x272esp.jpg\",\"width\":520,\"height\":272,\"caption\":\"Fin moratorias ayudas Covid\"},{\"@type\":\"BreadcrumbList\",\"@id\":\"https:\\\/\\\/lladogrup.com\\\/es\\\/fechas-de-finalizacion-de-las-moratorias-sobre-las-medidas-covid-19\\\/#breadcrumb\",\"itemListElement\":[{\"@type\":\"ListItem\",\"position\":1,\"name\":\"Portada\",\"item\":\"https:\\\/\\\/lladogrup.com\\\/es\\\/\"},{\"@type\":\"ListItem\",\"position\":2,\"name\":\"Fechas de finalizaci\u00f3n de las moratorias sobre las medidas Covid-19\"}]},{\"@type\":\"WebSite\",\"@id\":\"https:\\\/\\\/lladogrup.com\\\/#website\",\"url\":\"https:\\\/\\\/lladogrup.com\\\/\",\"name\":\"Llad\u00f3 Grup\",\"description\":\"Consultoria i gestoria\",\"potentialAction\":[{\"@type\":\"SearchAction\",\"target\":{\"@type\":\"EntryPoint\",\"urlTemplate\":\"https:\\\/\\\/lladogrup.com\\\/?s={search_term_string}\"},\"query-input\":{\"@type\":\"PropertyValueSpecification\",\"valueRequired\":true,\"valueName\":\"search_term_string\"}}],\"inLanguage\":\"es\"},{\"@type\":\"Person\",\"@id\":\"https:\\\/\\\/lladogrup.com\\\/#\\\/schema\\\/person\\\/fae891704510562cc35f2a910871bb7a\",\"name\":\"LladogrupSB\",\"image\":{\"@type\":\"ImageObject\",\"inLanguage\":\"es\",\"@id\":\"https:\\\/\\\/secure.gravatar.com\\\/avatar\\\/e8dab0ac617b31013790aba77d3585a0fc0040d861b8f20b54660334fea26d66?s=96&d=mm&r=g\",\"url\":\"https:\\\/\\\/secure.gravatar.com\\\/avatar\\\/e8dab0ac617b31013790aba77d3585a0fc0040d861b8f20b54660334fea26d66?s=96&d=mm&r=g\",\"contentUrl\":\"https:\\\/\\\/secure.gravatar.com\\\/avatar\\\/e8dab0ac617b31013790aba77d3585a0fc0040d861b8f20b54660334fea26d66?s=96&d=mm&r=g\",\"caption\":\"LladogrupSB\"}}]}<\/script>\n<!-- \/ Yoast SEO plugin. -->","yoast_head_json":{"title":"Fechas de finalizaci\u00f3n de las moratorias medidas Covid-19 -Llad\u00f3 Grup-","description":"las fechas de finalizaci\u00f3n de las moratorias de diversas medidas adoptadas por el Gobierno para ayudar a los sectores...","robots":{"index":"index","follow":"follow","max-snippet":"max-snippet:-1","max-image-preview":"max-image-preview:large","max-video-preview":"max-video-preview:-1"},"canonical":"https:\/\/lladogrup.com\/es\/fechas-de-finalizacion-de-las-moratorias-sobre-las-medidas-covid-19\/","og_locale":"es_ES","og_type":"article","og_title":"Fechas de finalizaci\u00f3n de las moratorias medidas Covid-19 -Llad\u00f3 Grup-","og_description":"las fechas de finalizaci\u00f3n de las moratorias de diversas medidas adoptadas por el Gobierno para ayudar a los sectores...","og_url":"https:\/\/lladogrup.com\/es\/fechas-de-finalizacion-de-las-moratorias-sobre-las-medidas-covid-19\/","og_site_name":"Llad\u00f3 Grup","article_published_time":"2022-06-22T09:50:31+00:00","og_image":[{"width":520,"height":272,"url":"https:\/\/lladogrup.com\/wp-content\/uploads\/2022\/06\/20220623-Dates_fi_moratories_Covid-520x272esp.jpg","type":"image\/jpeg"}],"author":"LladogrupSB","twitter_card":"summary_large_image","twitter_misc":{"Escrito por":"LladogrupSB","Tiempo de lectura":"3 minutos"},"schema":{"@context":"https:\/\/schema.org","@graph":[{"@type":"Article","@id":"https:\/\/lladogrup.com\/es\/fechas-de-finalizacion-de-las-moratorias-sobre-las-medidas-covid-19\/#article","isPartOf":{"@id":"https:\/\/lladogrup.com\/es\/fechas-de-finalizacion-de-las-moratorias-sobre-las-medidas-covid-19\/"},"author":{"name":"LladogrupSB","@id":"https:\/\/lladogrup.com\/#\/schema\/person\/fae891704510562cc35f2a910871bb7a"},"headline":"Fechas de finalizaci\u00f3n de las moratorias sobre las medidas Covid-19","datePublished":"2022-06-22T09:50:31+00:00","mainEntityOfPage":{"@id":"https:\/\/lladogrup.com\/es\/fechas-de-finalizacion-de-las-moratorias-sobre-las-medidas-covid-19\/"},"wordCount":680,"image":{"@id":"https:\/\/lladogrup.com\/es\/fechas-de-finalizacion-de-las-moratorias-sobre-las-medidas-covid-19\/#primaryimage"},"thumbnailUrl":"https:\/\/lladogrup.com\/wp-content\/uploads\/2022\/06\/20220623-Dates_fi_moratories_Covid-520x272esp.jpg","articleSection":["Aut\u00f3nomos","Clientes","Gran empresa","Particulares","Pymes"],"inLanguage":"es"},{"@type":"WebPage","@id":"https:\/\/lladogrup.com\/es\/fechas-de-finalizacion-de-las-moratorias-sobre-las-medidas-covid-19\/","url":"https:\/\/lladogrup.com\/es\/fechas-de-finalizacion-de-las-moratorias-sobre-las-medidas-covid-19\/","name":"Fechas de finalizaci\u00f3n de las moratorias medidas Covid-19 -Llad\u00f3 Grup-","isPartOf":{"@id":"https:\/\/lladogrup.com\/#website"},"primaryImageOfPage":{"@id":"https:\/\/lladogrup.com\/es\/fechas-de-finalizacion-de-las-moratorias-sobre-las-medidas-covid-19\/#primaryimage"},"image":{"@id":"https:\/\/lladogrup.com\/es\/fechas-de-finalizacion-de-las-moratorias-sobre-las-medidas-covid-19\/#primaryimage"},"thumbnailUrl":"https:\/\/lladogrup.com\/wp-content\/uploads\/2022\/06\/20220623-Dates_fi_moratories_Covid-520x272esp.jpg","datePublished":"2022-06-22T09:50:31+00:00","author":{"@id":"https:\/\/lladogrup.com\/#\/schema\/person\/fae891704510562cc35f2a910871bb7a"},"description":"las fechas de finalizaci\u00f3n de las moratorias de diversas medidas adoptadas por el Gobierno para ayudar a los sectores...","breadcrumb":{"@id":"https:\/\/lladogrup.com\/es\/fechas-de-finalizacion-de-las-moratorias-sobre-las-medidas-covid-19\/#breadcrumb"},"inLanguage":"es","potentialAction":[{"@type":"ReadAction","target":["https:\/\/lladogrup.com\/es\/fechas-de-finalizacion-de-las-moratorias-sobre-las-medidas-covid-19\/"]}]},{"@type":"ImageObject","inLanguage":"es","@id":"https:\/\/lladogrup.com\/es\/fechas-de-finalizacion-de-las-moratorias-sobre-las-medidas-covid-19\/#primaryimage","url":"https:\/\/lladogrup.com\/wp-content\/uploads\/2022\/06\/20220623-Dates_fi_moratories_Covid-520x272esp.jpg","contentUrl":"https:\/\/lladogrup.com\/wp-content\/uploads\/2022\/06\/20220623-Dates_fi_moratories_Covid-520x272esp.jpg","width":520,"height":272,"caption":"Fin moratorias ayudas Covid"},{"@type":"BreadcrumbList","@id":"https:\/\/lladogrup.com\/es\/fechas-de-finalizacion-de-las-moratorias-sobre-las-medidas-covid-19\/#breadcrumb","itemListElement":[{"@type":"ListItem","position":1,"name":"Portada","item":"https:\/\/lladogrup.com\/es\/"},{"@type":"ListItem","position":2,"name":"Fechas de finalizaci\u00f3n de las moratorias sobre las medidas Covid-19"}]},{"@type":"WebSite","@id":"https:\/\/lladogrup.com\/#website","url":"https:\/\/lladogrup.com\/","name":"Llad\u00f3 Grup","description":"Consultoria i gestoria","potentialAction":[{"@type":"SearchAction","target":{"@type":"EntryPoint","urlTemplate":"https:\/\/lladogrup.com\/?s={search_term_string}"},"query-input":{"@type":"PropertyValueSpecification","valueRequired":true,"valueName":"search_term_string"}}],"inLanguage":"es"},{"@type":"Person","@id":"https:\/\/lladogrup.com\/#\/schema\/person\/fae891704510562cc35f2a910871bb7a","name":"LladogrupSB","image":{"@type":"ImageObject","inLanguage":"es","@id":"https:\/\/secure.gravatar.com\/avatar\/e8dab0ac617b31013790aba77d3585a0fc0040d861b8f20b54660334fea26d66?s=96&d=mm&r=g","url":"https:\/\/secure.gravatar.com\/avatar\/e8dab0ac617b31013790aba77d3585a0fc0040d861b8f20b54660334fea26d66?s=96&d=mm&r=g","contentUrl":"https:\/\/secure.gravatar.com\/avatar\/e8dab0ac617b31013790aba77d3585a0fc0040d861b8f20b54660334fea26d66?s=96&d=mm&r=g","caption":"LladogrupSB"}}]}},"_links":{"self":[{"href":"https:\/\/lladogrup.com\/es\/wp-json\/wp\/v2\/posts\/64350","targetHints":{"allow":["GET"]}}],"collection":[{"href":"https:\/\/lladogrup.com\/es\/wp-json\/wp\/v2\/posts"}],"about":[{"href":"https:\/\/lladogrup.com\/es\/wp-json\/wp\/v2\/types\/post"}],"author":[{"embeddable":true,"href":"https:\/\/lladogrup.com\/es\/wp-json\/wp\/v2\/users\/2"}],"replies":[{"embeddable":true,"href":"https:\/\/lladogrup.com\/es\/wp-json\/wp\/v2\/comments?post=64350"}],"version-history":[{"count":6,"href":"https:\/\/lladogrup.com\/es\/wp-json\/wp\/v2\/posts\/64350\/revisions"}],"predecessor-version":[{"id":64363,"href":"https:\/\/lladogrup.com\/es\/wp-json\/wp\/v2\/posts\/64350\/revisions\/64363"}],"wp:featuredmedia":[{"embeddable":true,"href":"https:\/\/lladogrup.com\/es\/wp-json\/wp\/v2\/media\/64359"}],"wp:attachment":[{"href":"https:\/\/lladogrup.com\/es\/wp-json\/wp\/v2\/media?parent=64350"}],"wp:term":[{"taxonomy":"category","embeddable":true,"href":"https:\/\/lladogrup.com\/es\/wp-json\/wp\/v2\/categories?post=64350"},{"taxonomy":"post_tag","embeddable":true,"href":"https:\/\/lladogrup.com\/es\/wp-json\/wp\/v2\/tags?post=64350"}],"curies":[{"name":"wp","href":"https:\/\/api.w.org\/{rel}","templated":true}]}}