{"id":62273,"date":"2022-01-11T18:48:54","date_gmt":"2022-01-11T18:48:54","guid":{"rendered":"https:\/\/lladogrup.com\/?p=62273"},"modified":"2022-01-13T20:27:52","modified_gmt":"2022-01-13T20:27:52","slug":"ley-de-garantia-del-poder-adquisitivo-de-las-pensiones-2022","status":"publish","type":"post","link":"https:\/\/lladogrup.com\/es\/ley-de-garantia-del-poder-adquisitivo-de-las-pensiones-2022\/","title":{"rendered":"Resumen: Ley de garant\u00eda del poder adquisitivo de las pensiones 2022"},"content":{"rendered":"<div class=\"wpb-content-wrapper\"><p>[vc_row css=\u00bb.vc_custom_1631109896967{padding-bottom: 20px !important;}\u00bb][vc_column]<div id=\"ultimate-heading-835669f4afa856f13\" class=\"uvc-heading ult-adjust-bottom-margin ultimate-heading-835669f4afa856f13 uvc-9078  uvc-heading-default-font-sizes\" data-hspacer=\"no_spacer\"  data-halign=\"center\" style=\"text-align:center\"><div class=\"uvc-heading-spacer no_spacer\" style=\"top\"><\/div><div class=\"uvc-main-heading ult-responsive\"  data-ultimate-target='.uvc-heading.ultimate-heading-835669f4afa856f13 h1'  data-responsive-json-new='{\"font-size\":\"\",\"line-height\":\"\"}' ><h1 style=\"--font-weight:theme;\">Ley de garant\u00eda del poder adquisitivo de las pensiones 2022<\/h1><\/div><div class=\"uvc-sub-heading ult-responsive\"  data-ultimate-target='.uvc-heading.ultimate-heading-835669f4afa856f13 .uvc-sub-heading '  data-responsive-json-new='{\"font-size\":\"\",\"line-height\":\"\"}'  style=\"font-weight:normal;\"><\/p>\n<div class=\"traductor-textarea form-group\">\n<div class=\"textarea-desti col-xs-12 col-sm-6\">\n<div class=\"form-control second-textarea\" style=\"text-align: center;\"><a class=\"external\" href=\"https:\/\/www.boe.es\/boe\/dias\/2021\/12\/29\/pdfs\/BOE-A-2021-21652.pdf\" target=\"_blank\" rel=\"external noopener\"><strong>Ley 21\/2021, de 28 de diciembre<\/strong><\/a>, de garant\u00eda del poder adquisitivo de las pensiones y de otras medidas de refuerzo de la sostenibilidad financiera y social del sistema p\u00fablico de pensiones.<\/div>\n<\/div>\n<\/div>\n<div class=\"traductor-checkbox form-group\">\n<div class=\"row\">\n<div class=\"col-sm-offset-2 col-sm-5\"><\/div>\n<\/div>\n<\/div>\n<p><\/div><\/div>[\/vc_column][\/vc_row][vc_row css=\u00bb.vc_custom_1631109896967{padding-bottom: 20px !important;}\u00bb][vc_column][vc_column_text]Con efectos del 1 de enero de 2022 la\u00a0Ley 21\/2021, de 28 de diciembre, de garant\u00eda del poder adquisitivo de las pensiones y de otras medidas de refuerzo de la sostenibilidad financiera y social del sistema p\u00fablico de pensiones \u00a0publica la primera reforma del sistema de pensiones.<\/p>\n<p>La\u00a0Ley 21\/2021 modifica diversos preceptos de la Ley General de Seguridad Social pudiendo agruparse su contenido en dos bloques principales.[\/vc_column_text][vc_column_text]<strong>1. Revalorizaci\u00f3n de las pensiones<\/strong><\/p>\n<p><strong>&#8211; Actualizaci\u00f3n de las pensiones en funci\u00f3n de la inflaci\u00f3n del ejercicio anterior:<\/strong>\u00a0se deroga\u00a0el \u00edndice de revalorizaci\u00f3n y modifica el art. 58 de la\u00a0LGSS\u00a0(<em>\u00abRevalorizaci\u00f3n y garant\u00eda de mantenimiento del poder adquisitivo de las pensiones\u00bb<\/em>)\u00a0en el que\u00a0<strong>se recupera la actualizaci\u00f3n de las pensiones en funci\u00f3n de la inflaci\u00f3n del ejercicio anterior<\/strong>\u00a0(con este mismo objeto se modifica tambi\u00e9n el art\u00edculo 27 de la Ley de Clases Pasivas del Estado).<\/p>\n<p><strong>A TENER EN CUENTA.<\/strong>\u00a0Se establece que la revalorizaci\u00f3n de las pensiones al comienzo de cada a\u00f1o se realizar\u00e1 de acuerdo con la inflaci\u00f3n media registrada en el ejercicio anterior, con la garant\u00eda de que en el caso, infrecuente, de inflaci\u00f3n negativa las pensiones no sufrir\u00e1n merma alguna.[\/vc_column_text][vc_column_text]<\/p>\n<p style=\"text-align: justify;\"><strong>2. Medidas para el acercamiento de la edad efectiva de jubilaci\u00f3n a la edad ordinaria<\/strong><\/p>\n<p style=\"text-align: justify;\">&#8211; Incentivos y desincentivos para los supuestos de jubilaci\u00f3n anticipada o demorada respecto de la edad ordinaria de jubilaci\u00f3n.<\/p>\n<p style=\"text-align: justify;\"><strong>a) Jubilaci\u00f3n anticipada voluntaria<\/strong>: se revisan los coeficientes reductores aplicables, con el fin de promover la jubilaci\u00f3n a edades m\u00e1s pr\u00f3ximas a la edad legal de jubilaci\u00f3n y favorecer las carreras de cotizaci\u00f3n m\u00e1s largas. No obstante, se admite la aplicaci\u00f3n de los coeficientes reductores correspondientes a la jubilaci\u00f3n por causa no imputable al trabajador en caso de percepci\u00f3n del subsidio de desempleo con una antelaci\u00f3n de al menos tres meses.<\/p>\n<p style=\"text-align: justify;\"><strong>A TENER EN CUENTA.<\/strong>\u00a0Los coeficientes reductores correspondientes a esta modalidad de pensi\u00f3n se aplicar\u00e1n sobre la cuant\u00eda de la misma, respetando la limitaci\u00f3n m\u00e1xima (art.57 de la\u00a0LGSS), si bien dicha modificaci\u00f3n se realizar\u00e1 de manera progresiva, a lo largo de un per\u00edodo de diez a\u00f1os.<\/p>\n<p style=\"text-align: justify;\">Dentro de las modificaciones realizadas destacamos:<\/p>\n<ul style=\"text-align: justify;\">\n<li>A las causas de extinci\u00f3n contractual que dan derecho al acceso a esta modalidad de jubilaci\u00f3n (art. 207.1 de la\u00a0LGSS), se a\u00f1aden ahora el resto de causas extintivas por razones objetivas, as\u00ed como la resoluci\u00f3n voluntaria por parte del trabajador, en los supuestos previstos en los art\u00edculos\u00a040.1,\u00a041.3,\u00a049.1.m) y 50 del\u00a0Estatuto de los Trabajadores.<\/li>\n<li>El coeficiente aplicable sobre la pensi\u00f3n se determina ahora por mes de adelanto de la jubilaci\u00f3n y no por trimestre.<\/li>\n<li>En los dos a\u00f1os inmediatamente anteriores a la edad de jubilaci\u00f3n ordinaria, se aplican los mismos coeficientes que en la modalidad voluntaria, en aquellos supuestos en los que el nuevo coeficiente sea m\u00e1s favorable que el hasta ahora vigente.<\/li>\n<li>Se rebaja el coeficiente reductor correspondiente a cada uno de los seis meses previos a la edad de jubilaci\u00f3n ordinaria, respecto de los establecidos para el caso de jubilaci\u00f3n voluntaria.<\/li>\n<\/ul>\n<p style=\"text-align: justify;\"><strong>b) Jubilaci\u00f3n anticipada por raz\u00f3n de la actividad:\u00a0<\/strong>La edad m\u00ednima de acceso a la pensi\u00f3n de jubilaci\u00f3n [art. 205.1.a) de la LGSS] podr\u00e1 ser rebajada en aquellos grupos o actividades profesionales cuyos trabajos sean de naturaleza excepcionalmente penosa, t\u00f3xica, peligrosa o insalubre y acusen elevados \u00edndices de morbilidad o mortalidad, siempre que los trabajadores afectados acrediten en la respectiva profesi\u00f3n o trabajo el m\u00ednimo de actividad que se establezca. Dentro de las modificaciones realizadas en esta modalidad encontramos:<\/p>\n<ul style=\"text-align: justify;\">\n<li>Revisi\u00f3n del procedimiento del reconocimiento de coeficientes reductores por edad, regul\u00e1ndose ahora por separado estos supuestos respecto de aquellos otros en los que la anticipaci\u00f3n de la jubilaci\u00f3n deriva de la situaci\u00f3n de discapacidad del trabajador.<\/li>\n<li>Se modifica la legitimaci\u00f3n a la hora de instar el inicio del procedimiento;<\/li>\n<li>Se realiza una remisi\u00f3n a lo que reglamentariamente se determine, en el marco del di\u00e1logo social, respecto de los indicadores que acrediten la concurrencia de circunstancias objetivas que justifiquen la aplicaci\u00f3n de tales coeficientes.<\/li>\n<li>Se crea una comisi\u00f3n encargada de evaluar y, en su caso, de instar la aprobaci\u00f3n de los correspondientes decretos de reconocimiento de coeficientes reductores.<\/li>\n<li>Se prev\u00e9 el establecimiento de un procedimiento para la revisi\u00f3n de los coeficientes reductores de edad, con una periodicidad de diez a\u00f1os.<\/li>\n<\/ul>\n<p style=\"text-align: justify;\"><strong>c) R\u00e9gimen de compatibilidad de la pensi\u00f3n con los ingresos provenientes de una actividad profesional<\/strong><\/p>\n<p style=\"text-align: justify;\"><strong>1. Jubilaci\u00f3n demorada<\/strong><\/p>\n<ul style=\"text-align: justify;\">\n<li>Se favorece la utilizaci\u00f3n de dicha f\u00f3rmula mediante la sustituci\u00f3n del incentivo \u00fanico hasta ahora establecido por la posibilidad de que el interesado pueda optar entre la obtenci\u00f3n de un porcentaje adicional del 4 por ciento por cada a\u00f1o completo de trabajo efectivo que acredite con posterioridad al cumplimiento de la edad de jubilaci\u00f3n -porcentaje adicional que se sumar\u00e1 al que corresponda de acuerdo con el n\u00famero de a\u00f1os cotizados y se aplicar\u00e1 a la respectiva base reguladora, a efectos de determinar la cuant\u00eda de la pensi\u00f3n- o una cantidad a tanto alzado por cada a\u00f1o completo de trabajo efectivo acreditado y cotizado entre la fecha de cumplimiento de la edad de jubilaci\u00f3n y la del hecho causante de la pensi\u00f3n; o una combinaci\u00f3n de las dos opciones anteriores.<\/li>\n<li>Se aplica una exenci\u00f3n de la obligaci\u00f3n de cotizar por contingencias comunes, salvo en el caso de incapacidad temporal, a partir del cumplimiento de la edad de jubilaci\u00f3n ordinaria que corresponda en cada caso. Esta opci\u00f3n se extiende tambi\u00e9n a los pensionistas del r\u00e9gimen de clases pasivas.<\/li>\n<\/ul>\n<p style=\"text-align: justify;\"><strong>2. Jubilaci\u00f3n activa<\/strong><\/p>\n<ul>\n<li style=\"text-align: justify;\">Se exige como condici\u00f3n para acceder a esta modalidad de jubilaci\u00f3n el transcurso de al menos un a\u00f1o desde el cumplimiento de la edad ordinaria de jubilaci\u00f3n.<\/li>\n<li style=\"text-align: justify;\">Se contempla la prohibici\u00f3n de cl\u00e1usulas convencionales que prevean la jubilaci\u00f3n forzosa del trabajador a una edad inferior a los sesenta y ocho a\u00f1os, as\u00ed como la reducci\u00f3n del 75 por ciento de las cuotas empresariales a la Seguridad Social por contingencias comunes durante la situaci\u00f3n de incapacidad temporal de los trabajadores que hayan cumplido sesenta y dos a\u00f1os de edad.<\/li>\n<\/ul>\n<p>[\/vc_column_text][\/vc_column][\/vc_row][vc_row][vc_column][vc_btn title=\u00bbConoce los servicios de asesoramiento laboral Llad\u00f3 Grup\u00bb color=\u00bbdanger\u00bb size=\u00bblg\u00bb align=\u00bbcenter\u00bb i_icon_fontawesome=\u00bbfas fa-mouse\u00bb button_block=\u00bbtrue\u00bb add_icon=\u00bbtrue\u00bb link=\u00bburl:https%3A%2F%2Flladogrup.com%2Fes%2Fconsultoria%2Flaboral%2F|target:_blank\u00bb][\/vc_column][\/vc_row][vc_row css=\u00bb.vc_custom_1631109896967{padding-bottom: 20px !important;}\u00bb][vc_column][vc_column_text]<\/p>\n<p style=\"text-align: justify;\"><strong>3.\u00a0 Mejora de las pensiones de jubilaci\u00f3n anticipada causadas a partir del 1 de enero de 2002<\/strong><\/p>\n<p style=\"text-align: justify;\">En aras de mantener el equilibrio en las prestaciones y premiar las carreras largas de cotizaci\u00f3n, se establece una mejora de las pensiones de jubilaci\u00f3n anticipada causadas a partir del 1 de enero de 2002, con efectos desde la entrada en vigor de la norma, y cuyos destinatarios son los pensionistas que han accedido a la jubilaci\u00f3n anticipada con 44 a\u00f1os y 6 meses de cotizaci\u00f3n.<\/p>\n<p style=\"text-align: justify;\"><strong>4. Modificaciones normativas<\/strong><\/p>\n<ul style=\"text-align: justify;\">\n<li>Se deroga lo indicado del art. 210.1 y el art. 211, modifica determinados preceptos y a\u00f1ade el art. 206 bis, las DD. AA. 39\u00aa y 40\u00aa y D.T. 34\u00aa a la\u00a0Ley General de la Seguridad Social<\/li>\n<li>Se modifica la\u00a0D.A. 10\u00aa y a\u00f1ade la D.T. 9.\u00aa a la Ley del\u00a0Estatuto de los Trabajadores, texto refundido aprobado por\u00a0Real Decreto Legislativo 2\/2015, de 23 de octubre.<\/li>\n<li>Se modifica el art. 27 y la D.A. 17.\u00aa de la Ley de Clases Pasivas del Estado, texto refundido aprobado por\u00a0Real Decreto Legislativo 670\/1987, de 30 de abril.<\/li>\n<li>Se modifica el art. 1 de la Ley 29\/1983, de 12 de diciembre, sobre jubilaci\u00f3n de Notarios, Agentes de Cambio y Bolsa y Corredores Colegiados de Comercio.<\/li>\n<\/ul>\n<p style=\"text-align: justify;\"><strong>5. Futura reglamentaci\u00f3n<\/strong><\/p>\n<p style=\"text-align: justify;\">Se incluye un mandato a fin de que en\u00a0<strong>el plazo de seis meses<\/strong>, el Gobierno apruebe un proyecto de ley para dar cumplimiento a la disposici\u00f3n adicional s\u00e9ptima de la\u00a0Ley 27\/2011, de 1 de agosto, sobre actualizaci\u00f3n, adecuaci\u00f3n y modernizaci\u00f3n del sistema de Seguridad Social, relativa a la creaci\u00f3n de la Agencia Estatal de la Administraci\u00f3n de la Seguridad Social.<\/p>\n<p>[\/vc_column_text][vc_column_text]Informaci\u00f3n facilitada por <a href=\"https:\/\/www.planificacion-juridica.com\/es\/\" target=\"_blank\" rel=\"noopener\">Planificaci\u00f3n jur\u00eddica\u00a0<\/a>[\/vc_column_text][\/vc_column][\/vc_row]<\/p>\n<\/div>","protected":false},"excerpt":{"rendered":"<p>[vc_row css=\u00bb.vc_custom_1631109896967{padding-bottom: 20px !important;}\u00bb][vc_column][\/vc_column][\/vc_row][vc_row css=\u00bb.vc_custom_1631109896967{padding-bottom: 20px !important;}\u00bb][vc_column][vc_column_text]Con efectos del 1 de enero de 2022 la\u00a0Ley 21\/2021, de 28 de diciembre, de garant\u00eda del poder adquisitivo de las pensiones y de otras medidas de refuerzo de la sostenibilidad financiera y social del sistema p\u00fablico de pensiones \u00a0publica la primera reforma del sistema de pensiones. La\u00a0Ley 21\/2021&hellip;<\/p>\n","protected":false},"author":2,"featured_media":62356,"comment_status":"closed","ping_status":"closed","sticky":false,"template":"","format":"standard","meta":{"_joinchat":[],"footnotes":""},"categories":[626,2192,2194],"tags":[],"class_list":["post-62273","post","type-post","status-publish","format-standard","has-post-thumbnail","hentry","category-laboral-es","category-normativa-es","category-resumen-2021","category-626","category-2192","category-2194","description-off"],"yoast_head":"<!-- This site is optimized with the Yoast SEO plugin v27.3 - https:\/\/yoast.com\/product\/yoast-seo-wordpress\/ -->\n<title>Novedades ley de garant\u00eda del poder adquisitivo de les pensiones -Llad\u00f3-<\/title>\n<meta name=\"description\" content=\"Novedades en la Ley de garant\u00eda del poder adquisitivo de les pensiones para el a\u00f1o 2022 ...\" \/>\n<meta name=\"robots\" content=\"index, follow, max-snippet:-1, max-image-preview:large, max-video-preview:-1\" \/>\n<link rel=\"canonical\" href=\"https:\/\/lladogrup.com\/es\/ley-de-garantia-del-poder-adquisitivo-de-las-pensiones-2022\/\" \/>\n<meta property=\"og:locale\" content=\"es_ES\" \/>\n<meta property=\"og:type\" content=\"article\" \/>\n<meta property=\"og:title\" content=\"Novedades ley de garant\u00eda del poder adquisitivo de les pensiones -Llad\u00f3-\" \/>\n<meta property=\"og:description\" content=\"Novedades en la Ley de garant\u00eda del poder adquisitivo de les pensiones para el a\u00f1o 2022 ...\" \/>\n<meta property=\"og:url\" content=\"https:\/\/lladogrup.com\/es\/ley-de-garantia-del-poder-adquisitivo-de-las-pensiones-2022\/\" \/>\n<meta property=\"og:site_name\" content=\"Llad\u00f3 Grup\" \/>\n<meta property=\"article:published_time\" content=\"2022-01-11T18:48:54+00:00\" \/>\n<meta property=\"article:modified_time\" content=\"2022-01-13T20:27:52+00:00\" \/>\n<meta property=\"og:image\" content=\"https:\/\/lladogrup.com\/wp-content\/uploads\/2022\/01\/20220113-novedades_pensiones_2022-520x272esp-1.jpg\" \/>\n\t<meta property=\"og:image:width\" content=\"520\" \/>\n\t<meta property=\"og:image:height\" content=\"272\" \/>\n\t<meta property=\"og:image:type\" content=\"image\/jpeg\" \/>\n<meta name=\"author\" content=\"LladogrupSB\" \/>\n<meta name=\"twitter:card\" content=\"summary_large_image\" \/>\n<meta name=\"twitter:label1\" content=\"Escrito por\" \/>\n\t<meta name=\"twitter:data1\" content=\"LladogrupSB\" \/>\n\t<meta name=\"twitter:label2\" content=\"Tiempo de lectura\" \/>\n\t<meta name=\"twitter:data2\" content=\"8 minutos\" \/>\n<script type=\"application\/ld+json\" class=\"yoast-schema-graph\">{\"@context\":\"https:\\\/\\\/schema.org\",\"@graph\":[{\"@type\":\"Article\",\"@id\":\"https:\\\/\\\/lladogrup.com\\\/es\\\/ley-de-garantia-del-poder-adquisitivo-de-las-pensiones-2022\\\/#article\",\"isPartOf\":{\"@id\":\"https:\\\/\\\/lladogrup.com\\\/es\\\/ley-de-garantia-del-poder-adquisitivo-de-las-pensiones-2022\\\/\"},\"author\":{\"name\":\"LladogrupSB\",\"@id\":\"https:\\\/\\\/lladogrup.com\\\/#\\\/schema\\\/person\\\/fae891704510562cc35f2a910871bb7a\"},\"headline\":\"Resumen: Ley de garant\u00eda del poder adquisitivo de las pensiones 2022\",\"datePublished\":\"2022-01-11T18:48:54+00:00\",\"dateModified\":\"2022-01-13T20:27:52+00:00\",\"mainEntityOfPage\":{\"@id\":\"https:\\\/\\\/lladogrup.com\\\/es\\\/ley-de-garantia-del-poder-adquisitivo-de-las-pensiones-2022\\\/\"},\"wordCount\":1544,\"image\":{\"@id\":\"https:\\\/\\\/lladogrup.com\\\/es\\\/ley-de-garantia-del-poder-adquisitivo-de-las-pensiones-2022\\\/#primaryimage\"},\"thumbnailUrl\":\"https:\\\/\\\/lladogrup.com\\\/wp-content\\\/uploads\\\/2022\\\/01\\\/20220113-novedades_pensiones_2022-520x272esp-1.jpg\",\"articleSection\":[\"Laboral\",\"Normativa\",\"Resumen 2021\"],\"inLanguage\":\"es\"},{\"@type\":\"WebPage\",\"@id\":\"https:\\\/\\\/lladogrup.com\\\/es\\\/ley-de-garantia-del-poder-adquisitivo-de-las-pensiones-2022\\\/\",\"url\":\"https:\\\/\\\/lladogrup.com\\\/es\\\/ley-de-garantia-del-poder-adquisitivo-de-las-pensiones-2022\\\/\",\"name\":\"Novedades ley de garant\u00eda del poder adquisitivo de les pensiones -Llad\u00f3-\",\"isPartOf\":{\"@id\":\"https:\\\/\\\/lladogrup.com\\\/#website\"},\"primaryImageOfPage\":{\"@id\":\"https:\\\/\\\/lladogrup.com\\\/es\\\/ley-de-garantia-del-poder-adquisitivo-de-las-pensiones-2022\\\/#primaryimage\"},\"image\":{\"@id\":\"https:\\\/\\\/lladogrup.com\\\/es\\\/ley-de-garantia-del-poder-adquisitivo-de-las-pensiones-2022\\\/#primaryimage\"},\"thumbnailUrl\":\"https:\\\/\\\/lladogrup.com\\\/wp-content\\\/uploads\\\/2022\\\/01\\\/20220113-novedades_pensiones_2022-520x272esp-1.jpg\",\"datePublished\":\"2022-01-11T18:48:54+00:00\",\"dateModified\":\"2022-01-13T20:27:52+00:00\",\"author\":{\"@id\":\"https:\\\/\\\/lladogrup.com\\\/#\\\/schema\\\/person\\\/fae891704510562cc35f2a910871bb7a\"},\"description\":\"Novedades en la Ley de garant\u00eda del poder adquisitivo de les pensiones para el a\u00f1o 2022 ...\",\"breadcrumb\":{\"@id\":\"https:\\\/\\\/lladogrup.com\\\/es\\\/ley-de-garantia-del-poder-adquisitivo-de-las-pensiones-2022\\\/#breadcrumb\"},\"inLanguage\":\"es\",\"potentialAction\":[{\"@type\":\"ReadAction\",\"target\":[\"https:\\\/\\\/lladogrup.com\\\/es\\\/ley-de-garantia-del-poder-adquisitivo-de-las-pensiones-2022\\\/\"]}]},{\"@type\":\"ImageObject\",\"inLanguage\":\"es\",\"@id\":\"https:\\\/\\\/lladogrup.com\\\/es\\\/ley-de-garantia-del-poder-adquisitivo-de-las-pensiones-2022\\\/#primaryimage\",\"url\":\"https:\\\/\\\/lladogrup.com\\\/wp-content\\\/uploads\\\/2022\\\/01\\\/20220113-novedades_pensiones_2022-520x272esp-1.jpg\",\"contentUrl\":\"https:\\\/\\\/lladogrup.com\\\/wp-content\\\/uploads\\\/2022\\\/01\\\/20220113-novedades_pensiones_2022-520x272esp-1.jpg\",\"width\":520,\"height\":272,\"caption\":\"Novedades en pensiones 2022 Llado Grup\"},{\"@type\":\"BreadcrumbList\",\"@id\":\"https:\\\/\\\/lladogrup.com\\\/es\\\/ley-de-garantia-del-poder-adquisitivo-de-las-pensiones-2022\\\/#breadcrumb\",\"itemListElement\":[{\"@type\":\"ListItem\",\"position\":1,\"name\":\"Portada\",\"item\":\"https:\\\/\\\/lladogrup.com\\\/es\\\/\"},{\"@type\":\"ListItem\",\"position\":2,\"name\":\"Resumen: Ley de garant\u00eda del poder adquisitivo de las pensiones 2022\"}]},{\"@type\":\"WebSite\",\"@id\":\"https:\\\/\\\/lladogrup.com\\\/#website\",\"url\":\"https:\\\/\\\/lladogrup.com\\\/\",\"name\":\"Llad\u00f3 Grup\",\"description\":\"Consultoria i gestoria\",\"potentialAction\":[{\"@type\":\"SearchAction\",\"target\":{\"@type\":\"EntryPoint\",\"urlTemplate\":\"https:\\\/\\\/lladogrup.com\\\/?s={search_term_string}\"},\"query-input\":{\"@type\":\"PropertyValueSpecification\",\"valueRequired\":true,\"valueName\":\"search_term_string\"}}],\"inLanguage\":\"es\"},{\"@type\":\"Person\",\"@id\":\"https:\\\/\\\/lladogrup.com\\\/#\\\/schema\\\/person\\\/fae891704510562cc35f2a910871bb7a\",\"name\":\"LladogrupSB\",\"image\":{\"@type\":\"ImageObject\",\"inLanguage\":\"es\",\"@id\":\"https:\\\/\\\/secure.gravatar.com\\\/avatar\\\/e8dab0ac617b31013790aba77d3585a0fc0040d861b8f20b54660334fea26d66?s=96&d=mm&r=g\",\"url\":\"https:\\\/\\\/secure.gravatar.com\\\/avatar\\\/e8dab0ac617b31013790aba77d3585a0fc0040d861b8f20b54660334fea26d66?s=96&d=mm&r=g\",\"contentUrl\":\"https:\\\/\\\/secure.gravatar.com\\\/avatar\\\/e8dab0ac617b31013790aba77d3585a0fc0040d861b8f20b54660334fea26d66?s=96&d=mm&r=g\",\"caption\":\"LladogrupSB\"}}]}<\/script>\n<!-- \/ Yoast SEO plugin. -->","yoast_head_json":{"title":"Novedades ley de garant\u00eda del poder adquisitivo de les pensiones -Llad\u00f3-","description":"Novedades en la Ley de garant\u00eda del poder adquisitivo de les pensiones para el a\u00f1o 2022 ...","robots":{"index":"index","follow":"follow","max-snippet":"max-snippet:-1","max-image-preview":"max-image-preview:large","max-video-preview":"max-video-preview:-1"},"canonical":"https:\/\/lladogrup.com\/es\/ley-de-garantia-del-poder-adquisitivo-de-las-pensiones-2022\/","og_locale":"es_ES","og_type":"article","og_title":"Novedades ley de garant\u00eda del poder adquisitivo de les pensiones -Llad\u00f3-","og_description":"Novedades en la Ley de garant\u00eda del poder adquisitivo de les pensiones para el a\u00f1o 2022 ...","og_url":"https:\/\/lladogrup.com\/es\/ley-de-garantia-del-poder-adquisitivo-de-las-pensiones-2022\/","og_site_name":"Llad\u00f3 Grup","article_published_time":"2022-01-11T18:48:54+00:00","article_modified_time":"2022-01-13T20:27:52+00:00","og_image":[{"width":520,"height":272,"url":"https:\/\/lladogrup.com\/wp-content\/uploads\/2022\/01\/20220113-novedades_pensiones_2022-520x272esp-1.jpg","type":"image\/jpeg"}],"author":"LladogrupSB","twitter_card":"summary_large_image","twitter_misc":{"Escrito por":"LladogrupSB","Tiempo de lectura":"8 minutos"},"schema":{"@context":"https:\/\/schema.org","@graph":[{"@type":"Article","@id":"https:\/\/lladogrup.com\/es\/ley-de-garantia-del-poder-adquisitivo-de-las-pensiones-2022\/#article","isPartOf":{"@id":"https:\/\/lladogrup.com\/es\/ley-de-garantia-del-poder-adquisitivo-de-las-pensiones-2022\/"},"author":{"name":"LladogrupSB","@id":"https:\/\/lladogrup.com\/#\/schema\/person\/fae891704510562cc35f2a910871bb7a"},"headline":"Resumen: Ley de garant\u00eda del poder adquisitivo de las pensiones 2022","datePublished":"2022-01-11T18:48:54+00:00","dateModified":"2022-01-13T20:27:52+00:00","mainEntityOfPage":{"@id":"https:\/\/lladogrup.com\/es\/ley-de-garantia-del-poder-adquisitivo-de-las-pensiones-2022\/"},"wordCount":1544,"image":{"@id":"https:\/\/lladogrup.com\/es\/ley-de-garantia-del-poder-adquisitivo-de-las-pensiones-2022\/#primaryimage"},"thumbnailUrl":"https:\/\/lladogrup.com\/wp-content\/uploads\/2022\/01\/20220113-novedades_pensiones_2022-520x272esp-1.jpg","articleSection":["Laboral","Normativa","Resumen 2021"],"inLanguage":"es"},{"@type":"WebPage","@id":"https:\/\/lladogrup.com\/es\/ley-de-garantia-del-poder-adquisitivo-de-las-pensiones-2022\/","url":"https:\/\/lladogrup.com\/es\/ley-de-garantia-del-poder-adquisitivo-de-las-pensiones-2022\/","name":"Novedades ley de garant\u00eda del poder adquisitivo de les pensiones -Llad\u00f3-","isPartOf":{"@id":"https:\/\/lladogrup.com\/#website"},"primaryImageOfPage":{"@id":"https:\/\/lladogrup.com\/es\/ley-de-garantia-del-poder-adquisitivo-de-las-pensiones-2022\/#primaryimage"},"image":{"@id":"https:\/\/lladogrup.com\/es\/ley-de-garantia-del-poder-adquisitivo-de-las-pensiones-2022\/#primaryimage"},"thumbnailUrl":"https:\/\/lladogrup.com\/wp-content\/uploads\/2022\/01\/20220113-novedades_pensiones_2022-520x272esp-1.jpg","datePublished":"2022-01-11T18:48:54+00:00","dateModified":"2022-01-13T20:27:52+00:00","author":{"@id":"https:\/\/lladogrup.com\/#\/schema\/person\/fae891704510562cc35f2a910871bb7a"},"description":"Novedades en la Ley de garant\u00eda del poder adquisitivo de les pensiones para el a\u00f1o 2022 ...","breadcrumb":{"@id":"https:\/\/lladogrup.com\/es\/ley-de-garantia-del-poder-adquisitivo-de-las-pensiones-2022\/#breadcrumb"},"inLanguage":"es","potentialAction":[{"@type":"ReadAction","target":["https:\/\/lladogrup.com\/es\/ley-de-garantia-del-poder-adquisitivo-de-las-pensiones-2022\/"]}]},{"@type":"ImageObject","inLanguage":"es","@id":"https:\/\/lladogrup.com\/es\/ley-de-garantia-del-poder-adquisitivo-de-las-pensiones-2022\/#primaryimage","url":"https:\/\/lladogrup.com\/wp-content\/uploads\/2022\/01\/20220113-novedades_pensiones_2022-520x272esp-1.jpg","contentUrl":"https:\/\/lladogrup.com\/wp-content\/uploads\/2022\/01\/20220113-novedades_pensiones_2022-520x272esp-1.jpg","width":520,"height":272,"caption":"Novedades en pensiones 2022 Llado Grup"},{"@type":"BreadcrumbList","@id":"https:\/\/lladogrup.com\/es\/ley-de-garantia-del-poder-adquisitivo-de-las-pensiones-2022\/#breadcrumb","itemListElement":[{"@type":"ListItem","position":1,"name":"Portada","item":"https:\/\/lladogrup.com\/es\/"},{"@type":"ListItem","position":2,"name":"Resumen: Ley de garant\u00eda del poder adquisitivo de las pensiones 2022"}]},{"@type":"WebSite","@id":"https:\/\/lladogrup.com\/#website","url":"https:\/\/lladogrup.com\/","name":"Llad\u00f3 Grup","description":"Consultoria i gestoria","potentialAction":[{"@type":"SearchAction","target":{"@type":"EntryPoint","urlTemplate":"https:\/\/lladogrup.com\/?s={search_term_string}"},"query-input":{"@type":"PropertyValueSpecification","valueRequired":true,"valueName":"search_term_string"}}],"inLanguage":"es"},{"@type":"Person","@id":"https:\/\/lladogrup.com\/#\/schema\/person\/fae891704510562cc35f2a910871bb7a","name":"LladogrupSB","image":{"@type":"ImageObject","inLanguage":"es","@id":"https:\/\/secure.gravatar.com\/avatar\/e8dab0ac617b31013790aba77d3585a0fc0040d861b8f20b54660334fea26d66?s=96&d=mm&r=g","url":"https:\/\/secure.gravatar.com\/avatar\/e8dab0ac617b31013790aba77d3585a0fc0040d861b8f20b54660334fea26d66?s=96&d=mm&r=g","contentUrl":"https:\/\/secure.gravatar.com\/avatar\/e8dab0ac617b31013790aba77d3585a0fc0040d861b8f20b54660334fea26d66?s=96&d=mm&r=g","caption":"LladogrupSB"}}]}},"_links":{"self":[{"href":"https:\/\/lladogrup.com\/es\/wp-json\/wp\/v2\/posts\/62273","targetHints":{"allow":["GET"]}}],"collection":[{"href":"https:\/\/lladogrup.com\/es\/wp-json\/wp\/v2\/posts"}],"about":[{"href":"https:\/\/lladogrup.com\/es\/wp-json\/wp\/v2\/types\/post"}],"author":[{"embeddable":true,"href":"https:\/\/lladogrup.com\/es\/wp-json\/wp\/v2\/users\/2"}],"replies":[{"embeddable":true,"href":"https:\/\/lladogrup.com\/es\/wp-json\/wp\/v2\/comments?post=62273"}],"version-history":[{"count":6,"href":"https:\/\/lladogrup.com\/es\/wp-json\/wp\/v2\/posts\/62273\/revisions"}],"predecessor-version":[{"id":62489,"href":"https:\/\/lladogrup.com\/es\/wp-json\/wp\/v2\/posts\/62273\/revisions\/62489"}],"wp:featuredmedia":[{"embeddable":true,"href":"https:\/\/lladogrup.com\/es\/wp-json\/wp\/v2\/media\/62356"}],"wp:attachment":[{"href":"https:\/\/lladogrup.com\/es\/wp-json\/wp\/v2\/media?parent=62273"}],"wp:term":[{"taxonomy":"category","embeddable":true,"href":"https:\/\/lladogrup.com\/es\/wp-json\/wp\/v2\/categories?post=62273"},{"taxonomy":"post_tag","embeddable":true,"href":"https:\/\/lladogrup.com\/es\/wp-json\/wp\/v2\/tags?post=62273"}],"curies":[{"name":"wp","href":"https:\/\/api.w.org\/{rel}","templated":true}]}}