{"id":59986,"date":"2021-07-14T09:15:12","date_gmt":"2021-07-14T09:15:12","guid":{"rendered":"https:\/\/lladogrup.com\/?p=59986"},"modified":"2021-09-10T14:46:04","modified_gmt":"2021-09-10T14:46:04","slug":"se-reduce-iva-de-la-electricidad","status":"publish","type":"post","link":"https:\/\/lladogrup.com\/es\/se-reduce-iva-de-la-electricidad\/","title":{"rendered":"Se reduce del 21% al 10% el IVA de la electricidad"},"content":{"rendered":"<div class=\"wpb-content-wrapper\"><p>[vc_row][vc_column][vc_single_image image=\u00bb59993&#8243; img_size=\u00bbfull\u00bb alignment=\u00bbcenter\u00bb][\/vc_column][\/vc_row][vc_row css=\u00bb.vc_custom_1631109896967{padding-bottom: 20px !important;}\u00bb][vc_column]<div id=\"ultimate-heading-834569f3a936bb117\" class=\"uvc-heading ult-adjust-bottom-margin ultimate-heading-834569f3a936bb117 uvc-9950 \" data-hspacer=\"no_spacer\"  data-halign=\"center\" style=\"text-align:center\"><div class=\"uvc-heading-spacer no_spacer\" style=\"top\"><\/div><div class=\"uvc-main-heading ult-responsive\"  data-ultimate-target='.uvc-heading.ultimate-heading-834569f3a936bb117 h1'  data-responsive-json-new='{\"font-size\":\"desktop:26px;\",\"line-height\":\"\"}' ><h1 style=\"--font-weight:theme;margin-bottom:20px;\">Se reduce del 21% al 10% el IVA de la electricidad<\/h1><\/div><\/div>[vc_column_text]<\/p>\n<p style=\"text-align: justify;\"><strong>Se reduce el tipo impositivo del IVA aplicable al suministro de electricidad a ciertos consumidores, seg\u00fan previa consulta del Comit\u00e9 de IVA de la Uni\u00f3n Europea.<\/strong><\/p>\n<p style=\"text-align: justify;\">Con efectos desde el 26-6-2021 y vigencia hasta el 31-12-2021, se establece de forma excepcional y transitoria una <strong>rebaja del IVA del tipo 21% al 10<\/strong>%, a las entregas, importaciones y adquisiciones intracomunitarias de energ\u00eda el\u00e9ctrica, efectuadas a favor de:<\/p>\n<ol style=\"text-align: justify;\">\n<li><strong>Titulares de contratos de suministro de electricidad<\/strong>, cuyo t\u00e9rmino fijo de potencia no supere los 10 KW, cuando el promedio mensual del mercado mayorista en el mes anterior al de la facturaci\u00f3n haya superado los 45\u20ac\/MWh, con el objetivo de reducir su importe.<\/li>\n<li><strong>Titulares de contratos de suministro de electricidad que sean perceptores del bono social de electricidad<\/strong> y tengan reconocida la condici\u00f3n <strong>vulnerable severo o vulnerable severo en riesgo de exclusi\u00f3n social <\/strong>(RD 8997\/2017), con independencia del precio de la electricidad del mercado mayorista.<\/li>\n<\/ol>\n<p style=\"text-align: justify;\">Para compensar los mayores costes que est\u00e1n soportando las empresas que determinan el precio de la electricidad en el mercado mayorista, se reduce uno de los costes operativos como es el <strong>Impuesto sobre el valor de la producci\u00f3n de la energ\u00eda el\u00e9ctrica<\/strong>, exonerando del Impuesto durante el tercer trimestre de 2021 a las instalaciones que producen electricidad y la incorporan al sistema el\u00e9ctrico.<\/p>\n<p style=\"text-align: justify;\">Desde <a href=\"http:\/\/www.lladogrup.com\/es\" target=\"_blank\" rel=\"noopener\">Llad\u00f3 Grup Consultor<\/a> podemos acompa\u00f1arle y asesorarlo a trav\u00e9s de nuestros profesionales.<\/p>\n<p>[\/vc_column_text][\/vc_column][\/vc_row][vc_row][vc_column]<div class=\"text-centered\"><a href=\"https:\/\/www.lladogrup.com\/es\/contacto\/\" class=\"btn-shortcode dt-btn-l dt-btn default-btn-color default-btn-hover-color default-btn-bg-color default-btn-bg-hover-color anchor-link\" target=\"_blank\" id=\"dt-btn-1\" rel=\"noopener\"><span>\u00bfTIENES ALGUNA DUDA? Cont\u00e1ctanos<\/span><\/a><\/div>[\/vc_column][\/vc_row][vc_row][vc_column][vc_column_text]<a href=\"https:\/\/www.lladogrup.com\/es\/\" target=\"_blank\" rel=\"noopener noreferrer\"><strong>Llad\u00f3 Grup Consultor<\/strong><\/a><\/p>\n<p><strong>Josep Cid Dacosta<\/strong><\/p>\n<p><strong>Socio<\/strong><strong>-Economista\u00a0\u00a0 <\/strong><\/p>\n<p><strong>\u00c1rea Fiscal<\/strong>[\/vc_column_text][\/vc_column][\/vc_row]<\/p>\n<\/div>","protected":false},"excerpt":{"rendered":"<p>[vc_row][vc_column][vc_single_image image=\u00bb59993&#8243; img_size=\u00bbfull\u00bb alignment=\u00bbcenter\u00bb][\/vc_column][\/vc_row][vc_row css=\u00bb.vc_custom_1631109896967{padding-bottom: 20px !important;}\u00bb][vc_column][vc_column_text] Se reduce el tipo impositivo del IVA aplicable al suministro de electricidad a ciertos consumidores, seg\u00fan previa consulta del Comit\u00e9 de IVA de la Uni\u00f3n Europea. Con efectos desde el 26-6-2021 y vigencia hasta el 31-12-2021, se establece de forma excepcional y transitoria una rebaja del IVA del&hellip;<\/p>\n","protected":false},"author":2,"featured_media":59991,"comment_status":"closed","ping_status":"closed","sticky":false,"template":"","format":"standard","meta":{"_joinchat":[],"footnotes":""},"categories":[614,613,622,615,617],"tags":[],"class_list":["post-59986","post","type-post","status-publish","format-standard","has-post-thumbnail","hentry","category-autonomos","category-clientes","category-fiscal-es","category-gran-empresa-es","category-pymes","category-614","category-613","category-622","category-615","category-617","description-off"],"yoast_head":"<!-- This site is optimized with the Yoast SEO plugin v27.3 - https:\/\/yoast.com\/product\/yoast-seo-wordpress\/ -->\n<title>Se reduce el IVA de la electricidad -Llad\u00f3 Grup Consultor-<\/title>\n<meta name=\"description\" content=\"Se reduce el tipo impositivo del IVA aplicable al suministro de electricidad del 21% al 10% a ciertos consumidores...\" \/>\n<meta name=\"robots\" content=\"index, follow, max-snippet:-1, max-image-preview:large, max-video-preview:-1\" \/>\n<link rel=\"canonical\" href=\"https:\/\/lladogrup.com\/es\/se-reduce-iva-de-la-electricidad\/\" \/>\n<meta property=\"og:locale\" content=\"es_ES\" \/>\n<meta property=\"og:type\" content=\"article\" \/>\n<meta property=\"og:title\" content=\"Se reduce el IVA de la electricidad -Llad\u00f3 Grup Consultor-\" \/>\n<meta property=\"og:description\" content=\"Se reduce el tipo impositivo del IVA aplicable al suministro de electricidad del 21% al 10% a ciertos consumidores...\" \/>\n<meta property=\"og:url\" content=\"https:\/\/lladogrup.com\/es\/se-reduce-iva-de-la-electricidad\/\" \/>\n<meta property=\"og:site_name\" content=\"Llad\u00f3 Grup\" \/>\n<meta property=\"article:published_time\" content=\"2021-07-14T09:15:12+00:00\" \/>\n<meta property=\"article:modified_time\" content=\"2021-09-10T14:46:04+00:00\" \/>\n<meta property=\"og:image\" content=\"https:\/\/lladogrup.com\/wp-content\/uploads\/2021\/09\/20210715-20210715-redueix_IVA_electricitat-520x272esp.jpg\" \/>\n\t<meta property=\"og:image:width\" content=\"520\" \/>\n\t<meta property=\"og:image:height\" content=\"272\" \/>\n\t<meta property=\"og:image:type\" content=\"image\/jpeg\" \/>\n<meta name=\"author\" content=\"LladogrupSB\" \/>\n<meta name=\"twitter:card\" content=\"summary_large_image\" \/>\n<meta name=\"twitter:label1\" content=\"Escrito por\" \/>\n\t<meta name=\"twitter:data1\" content=\"LladogrupSB\" \/>\n\t<meta name=\"twitter:label2\" content=\"Tiempo de lectura\" \/>\n\t<meta name=\"twitter:data2\" content=\"2 minutos\" \/>\n<script type=\"application\/ld+json\" class=\"yoast-schema-graph\">{\"@context\":\"https:\\\/\\\/schema.org\",\"@graph\":[{\"@type\":\"Article\",\"@id\":\"https:\\\/\\\/lladogrup.com\\\/es\\\/se-reduce-iva-de-la-electricidad\\\/#article\",\"isPartOf\":{\"@id\":\"https:\\\/\\\/lladogrup.com\\\/es\\\/se-reduce-iva-de-la-electricidad\\\/\"},\"author\":{\"name\":\"LladogrupSB\",\"@id\":\"https:\\\/\\\/lladogrup.com\\\/#\\\/schema\\\/person\\\/fae891704510562cc35f2a910871bb7a\"},\"headline\":\"Se reduce del 21% al 10% el IVA de la electricidad\",\"datePublished\":\"2021-07-14T09:15:12+00:00\",\"dateModified\":\"2021-09-10T14:46:04+00:00\",\"mainEntityOfPage\":{\"@id\":\"https:\\\/\\\/lladogrup.com\\\/es\\\/se-reduce-iva-de-la-electricidad\\\/\"},\"wordCount\":377,\"image\":{\"@id\":\"https:\\\/\\\/lladogrup.com\\\/es\\\/se-reduce-iva-de-la-electricidad\\\/#primaryimage\"},\"thumbnailUrl\":\"https:\\\/\\\/lladogrup.com\\\/wp-content\\\/uploads\\\/2021\\\/09\\\/20210715-20210715-redueix_IVA_electricitat-520x272esp.jpg\",\"articleSection\":[\"Aut\u00f3nomos\",\"Clientes\",\"Fiscal\",\"Gran empresa\",\"Pymes\"],\"inLanguage\":\"es\"},{\"@type\":\"WebPage\",\"@id\":\"https:\\\/\\\/lladogrup.com\\\/es\\\/se-reduce-iva-de-la-electricidad\\\/\",\"url\":\"https:\\\/\\\/lladogrup.com\\\/es\\\/se-reduce-iva-de-la-electricidad\\\/\",\"name\":\"Se reduce el IVA de la electricidad -Llad\u00f3 Grup Consultor-\",\"isPartOf\":{\"@id\":\"https:\\\/\\\/lladogrup.com\\\/#website\"},\"primaryImageOfPage\":{\"@id\":\"https:\\\/\\\/lladogrup.com\\\/es\\\/se-reduce-iva-de-la-electricidad\\\/#primaryimage\"},\"image\":{\"@id\":\"https:\\\/\\\/lladogrup.com\\\/es\\\/se-reduce-iva-de-la-electricidad\\\/#primaryimage\"},\"thumbnailUrl\":\"https:\\\/\\\/lladogrup.com\\\/wp-content\\\/uploads\\\/2021\\\/09\\\/20210715-20210715-redueix_IVA_electricitat-520x272esp.jpg\",\"datePublished\":\"2021-07-14T09:15:12+00:00\",\"dateModified\":\"2021-09-10T14:46:04+00:00\",\"author\":{\"@id\":\"https:\\\/\\\/lladogrup.com\\\/#\\\/schema\\\/person\\\/fae891704510562cc35f2a910871bb7a\"},\"description\":\"Se reduce el tipo impositivo del IVA aplicable al suministro de electricidad del 21% al 10% a ciertos consumidores...\",\"breadcrumb\":{\"@id\":\"https:\\\/\\\/lladogrup.com\\\/es\\\/se-reduce-iva-de-la-electricidad\\\/#breadcrumb\"},\"inLanguage\":\"es\",\"potentialAction\":[{\"@type\":\"ReadAction\",\"target\":[\"https:\\\/\\\/lladogrup.com\\\/es\\\/se-reduce-iva-de-la-electricidad\\\/\"]}]},{\"@type\":\"ImageObject\",\"inLanguage\":\"es\",\"@id\":\"https:\\\/\\\/lladogrup.com\\\/es\\\/se-reduce-iva-de-la-electricidad\\\/#primaryimage\",\"url\":\"https:\\\/\\\/lladogrup.com\\\/wp-content\\\/uploads\\\/2021\\\/09\\\/20210715-20210715-redueix_IVA_electricitat-520x272esp.jpg\",\"contentUrl\":\"https:\\\/\\\/lladogrup.com\\\/wp-content\\\/uploads\\\/2021\\\/09\\\/20210715-20210715-redueix_IVA_electricitat-520x272esp.jpg\",\"width\":520,\"height\":272,\"caption\":\"Reducci\u00f3n IVA electricidad Llado Grup\"},{\"@type\":\"BreadcrumbList\",\"@id\":\"https:\\\/\\\/lladogrup.com\\\/es\\\/se-reduce-iva-de-la-electricidad\\\/#breadcrumb\",\"itemListElement\":[{\"@type\":\"ListItem\",\"position\":1,\"name\":\"Portada\",\"item\":\"https:\\\/\\\/lladogrup.com\\\/es\\\/\"},{\"@type\":\"ListItem\",\"position\":2,\"name\":\"Se reduce del 21% al 10% el IVA de la electricidad\"}]},{\"@type\":\"WebSite\",\"@id\":\"https:\\\/\\\/lladogrup.com\\\/#website\",\"url\":\"https:\\\/\\\/lladogrup.com\\\/\",\"name\":\"Llad\u00f3 Grup\",\"description\":\"Consultoria i gestoria\",\"potentialAction\":[{\"@type\":\"SearchAction\",\"target\":{\"@type\":\"EntryPoint\",\"urlTemplate\":\"https:\\\/\\\/lladogrup.com\\\/?s={search_term_string}\"},\"query-input\":{\"@type\":\"PropertyValueSpecification\",\"valueRequired\":true,\"valueName\":\"search_term_string\"}}],\"inLanguage\":\"es\"},{\"@type\":\"Person\",\"@id\":\"https:\\\/\\\/lladogrup.com\\\/#\\\/schema\\\/person\\\/fae891704510562cc35f2a910871bb7a\",\"name\":\"LladogrupSB\",\"image\":{\"@type\":\"ImageObject\",\"inLanguage\":\"es\",\"@id\":\"https:\\\/\\\/secure.gravatar.com\\\/avatar\\\/e8dab0ac617b31013790aba77d3585a0fc0040d861b8f20b54660334fea26d66?s=96&d=mm&r=g\",\"url\":\"https:\\\/\\\/secure.gravatar.com\\\/avatar\\\/e8dab0ac617b31013790aba77d3585a0fc0040d861b8f20b54660334fea26d66?s=96&d=mm&r=g\",\"contentUrl\":\"https:\\\/\\\/secure.gravatar.com\\\/avatar\\\/e8dab0ac617b31013790aba77d3585a0fc0040d861b8f20b54660334fea26d66?s=96&d=mm&r=g\",\"caption\":\"LladogrupSB\"}}]}<\/script>\n<!-- \/ Yoast SEO plugin. -->","yoast_head_json":{"title":"Se reduce el IVA de la electricidad -Llad\u00f3 Grup Consultor-","description":"Se reduce el tipo impositivo del IVA aplicable al suministro de electricidad del 21% al 10% a ciertos consumidores...","robots":{"index":"index","follow":"follow","max-snippet":"max-snippet:-1","max-image-preview":"max-image-preview:large","max-video-preview":"max-video-preview:-1"},"canonical":"https:\/\/lladogrup.com\/es\/se-reduce-iva-de-la-electricidad\/","og_locale":"es_ES","og_type":"article","og_title":"Se reduce el IVA de la electricidad -Llad\u00f3 Grup Consultor-","og_description":"Se reduce el tipo impositivo del IVA aplicable al suministro de electricidad del 21% al 10% a ciertos consumidores...","og_url":"https:\/\/lladogrup.com\/es\/se-reduce-iva-de-la-electricidad\/","og_site_name":"Llad\u00f3 Grup","article_published_time":"2021-07-14T09:15:12+00:00","article_modified_time":"2021-09-10T14:46:04+00:00","og_image":[{"width":520,"height":272,"url":"https:\/\/lladogrup.com\/wp-content\/uploads\/2021\/09\/20210715-20210715-redueix_IVA_electricitat-520x272esp.jpg","type":"image\/jpeg"}],"author":"LladogrupSB","twitter_card":"summary_large_image","twitter_misc":{"Escrito por":"LladogrupSB","Tiempo de lectura":"2 minutos"},"schema":{"@context":"https:\/\/schema.org","@graph":[{"@type":"Article","@id":"https:\/\/lladogrup.com\/es\/se-reduce-iva-de-la-electricidad\/#article","isPartOf":{"@id":"https:\/\/lladogrup.com\/es\/se-reduce-iva-de-la-electricidad\/"},"author":{"name":"LladogrupSB","@id":"https:\/\/lladogrup.com\/#\/schema\/person\/fae891704510562cc35f2a910871bb7a"},"headline":"Se reduce del 21% al 10% el IVA de la electricidad","datePublished":"2021-07-14T09:15:12+00:00","dateModified":"2021-09-10T14:46:04+00:00","mainEntityOfPage":{"@id":"https:\/\/lladogrup.com\/es\/se-reduce-iva-de-la-electricidad\/"},"wordCount":377,"image":{"@id":"https:\/\/lladogrup.com\/es\/se-reduce-iva-de-la-electricidad\/#primaryimage"},"thumbnailUrl":"https:\/\/lladogrup.com\/wp-content\/uploads\/2021\/09\/20210715-20210715-redueix_IVA_electricitat-520x272esp.jpg","articleSection":["Aut\u00f3nomos","Clientes","Fiscal","Gran empresa","Pymes"],"inLanguage":"es"},{"@type":"WebPage","@id":"https:\/\/lladogrup.com\/es\/se-reduce-iva-de-la-electricidad\/","url":"https:\/\/lladogrup.com\/es\/se-reduce-iva-de-la-electricidad\/","name":"Se reduce el IVA de la electricidad -Llad\u00f3 Grup Consultor-","isPartOf":{"@id":"https:\/\/lladogrup.com\/#website"},"primaryImageOfPage":{"@id":"https:\/\/lladogrup.com\/es\/se-reduce-iva-de-la-electricidad\/#primaryimage"},"image":{"@id":"https:\/\/lladogrup.com\/es\/se-reduce-iva-de-la-electricidad\/#primaryimage"},"thumbnailUrl":"https:\/\/lladogrup.com\/wp-content\/uploads\/2021\/09\/20210715-20210715-redueix_IVA_electricitat-520x272esp.jpg","datePublished":"2021-07-14T09:15:12+00:00","dateModified":"2021-09-10T14:46:04+00:00","author":{"@id":"https:\/\/lladogrup.com\/#\/schema\/person\/fae891704510562cc35f2a910871bb7a"},"description":"Se reduce el tipo impositivo del IVA aplicable al suministro de electricidad del 21% al 10% a ciertos consumidores...","breadcrumb":{"@id":"https:\/\/lladogrup.com\/es\/se-reduce-iva-de-la-electricidad\/#breadcrumb"},"inLanguage":"es","potentialAction":[{"@type":"ReadAction","target":["https:\/\/lladogrup.com\/es\/se-reduce-iva-de-la-electricidad\/"]}]},{"@type":"ImageObject","inLanguage":"es","@id":"https:\/\/lladogrup.com\/es\/se-reduce-iva-de-la-electricidad\/#primaryimage","url":"https:\/\/lladogrup.com\/wp-content\/uploads\/2021\/09\/20210715-20210715-redueix_IVA_electricitat-520x272esp.jpg","contentUrl":"https:\/\/lladogrup.com\/wp-content\/uploads\/2021\/09\/20210715-20210715-redueix_IVA_electricitat-520x272esp.jpg","width":520,"height":272,"caption":"Reducci\u00f3n IVA electricidad Llado Grup"},{"@type":"BreadcrumbList","@id":"https:\/\/lladogrup.com\/es\/se-reduce-iva-de-la-electricidad\/#breadcrumb","itemListElement":[{"@type":"ListItem","position":1,"name":"Portada","item":"https:\/\/lladogrup.com\/es\/"},{"@type":"ListItem","position":2,"name":"Se reduce del 21% al 10% el IVA de la electricidad"}]},{"@type":"WebSite","@id":"https:\/\/lladogrup.com\/#website","url":"https:\/\/lladogrup.com\/","name":"Llad\u00f3 Grup","description":"Consultoria i gestoria","potentialAction":[{"@type":"SearchAction","target":{"@type":"EntryPoint","urlTemplate":"https:\/\/lladogrup.com\/?s={search_term_string}"},"query-input":{"@type":"PropertyValueSpecification","valueRequired":true,"valueName":"search_term_string"}}],"inLanguage":"es"},{"@type":"Person","@id":"https:\/\/lladogrup.com\/#\/schema\/person\/fae891704510562cc35f2a910871bb7a","name":"LladogrupSB","image":{"@type":"ImageObject","inLanguage":"es","@id":"https:\/\/secure.gravatar.com\/avatar\/e8dab0ac617b31013790aba77d3585a0fc0040d861b8f20b54660334fea26d66?s=96&d=mm&r=g","url":"https:\/\/secure.gravatar.com\/avatar\/e8dab0ac617b31013790aba77d3585a0fc0040d861b8f20b54660334fea26d66?s=96&d=mm&r=g","contentUrl":"https:\/\/secure.gravatar.com\/avatar\/e8dab0ac617b31013790aba77d3585a0fc0040d861b8f20b54660334fea26d66?s=96&d=mm&r=g","caption":"LladogrupSB"}}]}},"_links":{"self":[{"href":"https:\/\/lladogrup.com\/es\/wp-json\/wp\/v2\/posts\/59986","targetHints":{"allow":["GET"]}}],"collection":[{"href":"https:\/\/lladogrup.com\/es\/wp-json\/wp\/v2\/posts"}],"about":[{"href":"https:\/\/lladogrup.com\/es\/wp-json\/wp\/v2\/types\/post"}],"author":[{"embeddable":true,"href":"https:\/\/lladogrup.com\/es\/wp-json\/wp\/v2\/users\/2"}],"replies":[{"embeddable":true,"href":"https:\/\/lladogrup.com\/es\/wp-json\/wp\/v2\/comments?post=59986"}],"version-history":[{"count":2,"href":"https:\/\/lladogrup.com\/es\/wp-json\/wp\/v2\/posts\/59986\/revisions"}],"predecessor-version":[{"id":60137,"href":"https:\/\/lladogrup.com\/es\/wp-json\/wp\/v2\/posts\/59986\/revisions\/60137"}],"wp:featuredmedia":[{"embeddable":true,"href":"https:\/\/lladogrup.com\/es\/wp-json\/wp\/v2\/media\/59991"}],"wp:attachment":[{"href":"https:\/\/lladogrup.com\/es\/wp-json\/wp\/v2\/media?parent=59986"}],"wp:term":[{"taxonomy":"category","embeddable":true,"href":"https:\/\/lladogrup.com\/es\/wp-json\/wp\/v2\/categories?post=59986"},{"taxonomy":"post_tag","embeddable":true,"href":"https:\/\/lladogrup.com\/es\/wp-json\/wp\/v2\/tags?post=59986"}],"curies":[{"name":"wp","href":"https:\/\/api.w.org\/{rel}","templated":true}]}}