{"id":103501,"date":"2026-09-02T12:54:37","date_gmt":"2026-09-02T10:54:37","guid":{"rendered":"https:\/\/lladogrup.com\/?p=103501"},"modified":"2026-09-02T12:58:08","modified_gmt":"2026-09-02T10:58:08","slug":"claves-nueva-jubilacion-flexible","status":"publish","type":"post","link":"https:\/\/lladogrup.com\/es\/claves-nueva-jubilacion-flexible\/","title":{"rendered":"Claves sobre la nueva jubilaci\u00f3n flexible para empresas y aut\u00f3nomos"},"content":{"rendered":"<div class=\"wpb-content-wrapper\"><p>[vc_row css=\u00bb.vc_custom_1631109896967{padding-bottom: 20px !important;}\u00bb][vc_column][vc_column_text css=\u00bb\u00bb]<\/p>\n<p style=\"text-align: justify;\"><b>El 28 de agosto de 2026 entr\u00f3 en vigor el <\/b><a href=\"http:\/\/boe.es\/diario_boe\/txt.php?id=BOE-A-2026-11474\"><b>Real Decreto 416\/2026, de 27 de mayo<\/b><\/a><b>, que introduce importantes novedades en la jubilaci\u00f3n flexible. Una nueva regulaci\u00f3n que permitir\u00e1 a los pensionistas reincorporarse al mercado laboral con una jornada m\u00e1s amplia, compatibilizar el salario y la pensi\u00f3n en mejores condiciones e incluso obtener complementos para aumentar la prestaci\u00f3n.<\/b><\/p>\n<p style=\"text-align: justify;\"><span style=\"font-weight: 400;\">La reforma pretende hacer m\u00e1s atractiva esta f\u00f3rmula para quienes ya hab\u00edan abandonado la vida laboral y convertir una opci\u00f3n hasta ahora residual en una alternativa real para miles de jubilados.<\/span><\/p>\n<p style=\"text-align: justify;\"><span style=\"font-weight: 400;\">Desde Llad\u00f3 Grup Consultor, detallamos los aspectos clave de esta reforma que deben considerar tanto las Pymes que buscan retener talento experimentado como los trabajadores y aut\u00f3nomos que valoran retomar una actividad profesional.<\/span><\/p>\n<p>[\/vc_column_text][\/vc_column][\/vc_row][vc_row css=\u00bb.vc_custom_1631109896967{padding-bottom: 20px !important;}\u00bb][vc_column][vc_btn title=\u00bbAsesoramiento laboral\u00bb shape=\u00bbround\u00bb color=\u00bbdanger\u00bb size=\u00bblg\u00bb align=\u00bbcenter\u00bb i_icon_fontawesome=\u00bbfa fa-solid fa-computer-mouse\u00bb css=\u00bb.vc_custom_1788346178194{margin-bottom: 40px !important;padding-top: 20px !important;}\u00bb add_icon=\u00bbtrue\u00bb link=\u00bburl:https%3A%2F%2Flladogrup.com%2Fes%2Fasesoria%2Flaboral-para-empresas%2F|target:_blank\u00bb][\/vc_column][\/vc_row][vc_row css=\u00bb.vc_custom_1631109361052{padding-bottom: 20px !important;}\u00bb][vc_column]<div id=\"ultimate-heading-14506a9825f2a3e64\" class=\"uvc-heading ult-adjust-bottom-margin ultimate-heading-14506a9825f2a3e64 uvc-7185 \" data-hspacer=\"no_spacer\"  data-halign=\"left\" style=\"text-align:left\"><div class=\"uvc-heading-spacer no_spacer\" style=\"top\"><\/div><div class=\"uvc-main-heading ult-responsive\"  data-ultimate-target='.uvc-heading.ultimate-heading-14506a9825f2a3e64 h2'  data-responsive-json-new='{\"font-size\":\"desktop:24px;\",\"line-height\":\"\"}' ><h2 style=\"font-weight:bold;color:#fe5d3a;margin-bottom:20px;\">\u00bfQu\u00e9 es la jubilaci\u00f3n flexible?<\/h2><\/div><\/div>[vc_column_text css=\u00bb\u00bb]<\/p>\n<p style=\"text-align: justify;\"><span style=\"font-weight: 400;\">La <\/span><b>jubilaci\u00f3n flexible<\/b><span style=\"font-weight: 400;\"> es una modalidad del sistema de la Seguridad Social para aquel jubilado que ya tiene reconocida una pensi\u00f3n contributiva de jubilaci\u00f3n y vuelva posteriormente al mercado laboral con una jornada reducida. Con la jubilaci\u00f3n flexible pueden hacerlo a trav\u00e9s de un trabajo por cuenta ajena a tiempo parcial de entre el 33% y el 80% de la jornada ordinaria y, por primera vez, tambi\u00e9n en determinadas actividades por cuenta propia, seg\u00fan lo previsto en la nueva regulaci\u00f3n.<\/span><\/p>\n<p style=\"text-align: justify;\"><span style=\"font-weight: 400;\">Los beneficiarios seguir\u00e1n teniendo la condici\u00f3n de <\/span><b>pensionistas <\/b><span style=\"font-weight: 400;\">y percibir\u00e1n tanto el salario como la parte de la pensi\u00f3n que les corresponda. Cuando finalice el trabajo, recuperar\u00e1n el importe \u00edntegro de la prestaci\u00f3n.<\/span><\/p>\n<p>[\/vc_column_text][\/vc_column][\/vc_row][vc_row css=\u00bb.vc_custom_1631109361052{padding-bottom: 20px !important;}\u00bb][vc_column]<div id=\"ultimate-heading-10836a9825f2a3f06\" class=\"uvc-heading ult-adjust-bottom-margin ultimate-heading-10836a9825f2a3f06 uvc-4433 \" data-hspacer=\"no_spacer\"  data-halign=\"left\" style=\"text-align:left\"><div class=\"uvc-heading-spacer no_spacer\" style=\"top\"><\/div><div class=\"uvc-main-heading ult-responsive\"  data-ultimate-target='.uvc-heading.ultimate-heading-10836a9825f2a3f06 h2'  data-responsive-json-new='{\"font-size\":\"desktop:24px;\",\"line-height\":\"\"}' ><h2 style=\"font-weight:bold;color:#fe5d3a;margin-bottom:20px;\">\u00bfQui\u00e9n puede acogerse a la jubilaci\u00f3n flexible?<\/h2><\/div><\/div>[vc_column_text css=\u00bb\u00bb]<\/p>\n<p style=\"text-align: justify;\"><span style=\"font-weight: 400;\">La <\/span><b>jubilaci\u00f3n flexible<\/b><span style=\"font-weight: 400;\"> no est\u00e1 pensada para trabajadores que todav\u00eda no se han jubilado y desean seguir en activo al acceder a la pensi\u00f3n. En esos casos, la figura adecuada es la jubilaci\u00f3n activa. Tampoco permite compatibilizar cualquier tipo de trabajo sin condiciones, ya que la normativa establece l\u00edmites de jornada y requisitos espec\u00edficos para cada tipo de actividad.<\/span><\/p>\n<p>[\/vc_column_text][\/vc_column][\/vc_row][vc_row][vc_column width=\u00bb2\/3&#8243;][vc_single_image image=\u00bb103505&#8243; img_size=\u00bbfull\u00bb css=\u00bb\u00bb][\/vc_column][vc_column width=\u00bb1\/3&#8243;]<div id=\"ultimate-heading-19186a9825f2a3f6a\" class=\"uvc-heading ult-adjust-bottom-margin ultimate-heading-19186a9825f2a3f6a uvc-6648  uvc-heading-default-font-sizes\" data-hspacer=\"no_spacer\"  data-halign=\"center\" style=\"text-align:center\"><div class=\"uvc-heading-spacer no_spacer\" style=\"top\"><\/div><div class=\"uvc-main-heading ult-responsive\"  data-ultimate-target='.uvc-heading.ultimate-heading-19186a9825f2a3f6a h3'  data-responsive-json-new='{\"font-size\":\"\",\"line-height\":\"\"}' ><h3 style=\"font-weight:bold;color:#fe5d3a;\">Subscr\u00edbete a la newsletter<\/h3><\/div><\/div>\n<div class=\"wpcf7 no-js\" id=\"wpcf7-f87567-o1\" lang=\"ca\" dir=\"ltr\" data-wpcf7-id=\"87567\">\n<div class=\"screen-reader-response\"><p role=\"status\" aria-live=\"polite\" aria-atomic=\"true\"><\/p> <ul><\/ul><\/div>\n<form action=\"\/es\/wp-json\/wp\/v2\/posts\/103501#wpcf7-f87567-o1\" method=\"post\" class=\"wpcf7-form init 98099fcddabd cmatic-conn cmatic-aud-0 cmatic-mapd0-0 cmatic-098109 cmatic-sent-0 cmatic-total-529\" aria-label=\"Formulari de contacte\" novalidate=\"novalidate\" data-status=\"init\">\n<fieldset class=\"hidden-fields-container\"><input type=\"hidden\" name=\"_wpcf7\" value=\"87567\" \/><input type=\"hidden\" name=\"_wpcf7_version\" value=\"6.1.7\" \/><input type=\"hidden\" name=\"_wpcf7_locale\" value=\"ca\" \/><input type=\"hidden\" name=\"_wpcf7_unit_tag\" value=\"wpcf7-f87567-o1\" \/><input type=\"hidden\" name=\"_wpcf7_container_post\" value=\"0\" \/><input type=\"hidden\" name=\"_wpcf7_posted_data_hash\" value=\"\" \/><input type=\"hidden\" name=\"_wpcf7_recaptcha_response\" value=\"\" \/>\n<\/fieldset>\n<p><label> El nombre*<br \/>\n<span class=\"wpcf7-form-control-wrap\" data-name=\"your-name\"><input size=\"40\" maxlength=\"400\" class=\"wpcf7-form-control wpcf7-text wpcf7-validates-as-required\" aria-required=\"true\" aria-invalid=\"false\" value=\"Escribe tu nombre\" type=\"text\" name=\"your-name\" \/><\/span> <\/label>\n<\/p>\n<p><label> El correo electr\u00f3nico*<br \/>\n<span class=\"wpcf7-form-control-wrap\" data-name=\"your-email\"><input size=\"40\" maxlength=\"400\" class=\"wpcf7-form-control wpcf7-email wpcf7-validates-as-required wpcf7-text wpcf7-validates-as-email\" aria-required=\"true\" aria-invalid=\"false\" value=\"Tu correo\" type=\"email\" name=\"your-email\" \/><\/span> <\/label>\n<\/p>\n<p><span class=\"wpcf7-form-control-wrap\" data-name=\"acceptance-133\"><span class=\"wpcf7-form-control wpcf7-acceptance\"><span class=\"wpcf7-list-item\"><input type=\"checkbox\" name=\"acceptance-133\" value=\"1\" aria-invalid=\"false\" \/><\/span><\/span><\/span> Acepto la <a href=\"https:\/\/lladogrup.com\/es\/politica-de-privacidad\/\">Pol\u00edtica de Privacidad<\/a>\n<\/p>\n<p><span class=\"wpcf7-form-control-wrap\" data-name=\"acceptance-476\"><span class=\"wpcf7-form-control wpcf7-acceptance optional\"><span class=\"wpcf7-list-item\"><input type=\"checkbox\" name=\"acceptance-476\" value=\"1\" aria-invalid=\"false\" \/><\/span><\/span><\/span> Acepto recibir comunicaciones informativas y promocionales de Llad\u00f3 Grup Consultor.\n<\/p>\n<p><span style=\"margin-top: 10px;\"><\/span>\n<\/p>\n<p><span style=\"margin-bottom: 10px;\"><\/span>\n<\/p>\n<p><input class=\"wpcf7-form-control wpcf7-submit has-spinner\" type=\"submit\" value=\"Enviar\" \/>\n<\/p><p style=\"display: none !important;\" class=\"akismet-fields-container\" data-prefix=\"_wpcf7_ak_\"><label>&#916;<textarea name=\"_wpcf7_ak_hp_textarea\" cols=\"45\" rows=\"8\" maxlength=\"100\"><\/textarea><\/label><input type=\"hidden\" id=\"ak_js_1\" name=\"_wpcf7_ak_js\" value=\"205\"\/><script>\ndocument.getElementById( \"ak_js_1\" ).setAttribute( \"value\", ( new Date() ).getTime() );\n<\/script>\n<\/p><div class=\"wpcf7-response-output\" aria-hidden=\"true\"><\/div>\n<\/form>\n<\/div>\n[\/vc_column][\/vc_row][vc_row css=\u00bb.vc_custom_1631109361052{padding-bottom: 20px !important;}\u00bb][vc_column]<div id=\"ultimate-heading-33406a9825f2ab2a0\" class=\"uvc-heading ult-adjust-bottom-margin ultimate-heading-33406a9825f2ab2a0 uvc-4239 \" data-hspacer=\"no_spacer\"  data-halign=\"left\" style=\"text-align:left\"><div class=\"uvc-heading-spacer no_spacer\" style=\"top\"><\/div><div class=\"uvc-main-heading ult-responsive\"  data-ultimate-target='.uvc-heading.ultimate-heading-33406a9825f2ab2a0 h2'  data-responsive-json-new='{\"font-size\":\"desktop:24px;\",\"line-height\":\"\"}' ><h2 style=\"font-weight:bold;color:#fe5d3a;margin-bottom:20px;\">Claves principales sobre la jubilaci\u00f3n flexible<\/h2><\/div><\/div>[vc_column_text css=\u00bb\u00bb]<\/p>\n<ol>\n<li><b> Se incorpora el trabajo de los aut\u00f3nomos<\/b><\/li>\n<\/ol>\n<p style=\"padding-left: 40px; text-align: justify;\">Los <strong>trabajadores por cuenta propia (aut\u00f3nomos)<\/strong>, pueden acogerse a la jubilaci\u00f3n flexible. Cobran el 25% de la pensi\u00f3n de jubilaci\u00f3n durante la actividad, siempre que no hayan estado de alta en el RETA durante los 3 a\u00f1os anteriores al hecho causante del retiro.<\/p>\n<ol start=\"2\">\n<li><b><\/b><b>Nuevos tramos de jornada parcial<\/b><\/li>\n<\/ol>\n<p style=\"padding-left: 40px;\"><span style=\"font-weight: 400;\">En los trabajos por cuenta ajena, la horquilla de la jornada parcial compatible pasa del antiguo rango (25%-75%) al <\/span><b>33% como m\u00ednimo y hasta un 80% como m\u00e1ximo<\/b><span style=\"font-weight: 400;\">. La pensi\u00f3n percibida se reduce de manera inversamente proporcional al tiempo trabajado.<\/span><\/p>\n<ol start=\"3\">\n<li><b>Se introducen nuevos incentivos econ\u00f3micos<\/b><\/li>\n<\/ol>\n<p style=\"padding-left: 40px; text-align: justify;\"><span style=\"font-weight: 400;\">Si la reincorporaci\u00f3n al empleo se produce transcurridos al menos <\/span><b>6 meses desde la jubilaci\u00f3n<\/b><span style=\"font-weight: 400;\">, la pensi\u00f3n compatible recibe un incremento extra:<\/span><\/p>\n<ul>\n<li style=\"list-style-type: none;\">\n<ul>\n<li style=\"font-weight: 400;\" aria-level=\"1\"><b>Jornadas entre el 33% y el 55%:<\/b><span style=\"font-weight: 400;\"> Incremento del <\/span><b>15%<\/b><span style=\"font-weight: 400;\"> en la fracci\u00f3n de pensi\u00f3n compatible.<\/span><\/li>\n<li style=\"font-weight: 400;\" aria-level=\"1\"><b>Jornadas entre el 55% y el 80%:<\/b><span style=\"font-weight: 400;\"> Incremento del <\/span><b>25%<\/b><span style=\"font-weight: 400;\"> en la fracci\u00f3n de pensi\u00f3n compatible.<\/span><\/li>\n<\/ul>\n<\/li>\n<\/ul>\n<ol start=\"4\">\n<li><b>Eliminaci\u00f3n del periodo de espera<\/b><\/li>\n<\/ol>\n<p style=\"text-align: justify; padding-left: 40px;\"><span style=\"font-weight: 400;\">Se <\/span><b>suprime cualquier tiempo de espera obligatorio<\/b><span style=\"font-weight: 400;\">. El pensionista puede solicitar la jubilaci\u00f3n flexible en cualquier momento tras tener su pensi\u00f3n formalmente reconocida. Esta solicitud debe realizarse con car\u00e1cter previo, al inicio de cualquier trabajo por cuenta ajena o actividad por cuenta propia.<\/span><\/p>\n<ol style=\"text-align: justify;\" start=\"5\">\n<li><b>Impacto nulo en la pensi\u00f3n futura<\/b><\/li>\n<\/ol>\n<p style=\"text-align: justify; padding-left: 40px;\"><span style=\"font-weight: 400;\">Las cotizaciones realizadas durante el periodo de jubilaci\u00f3n flexible <\/span><b>no surten efecto para mejorar la base reguladora inicial<\/b><span style=\"font-weight: 400;\"> ni incrementan los complementos por demora previa (salvo en casos excepcionales de jubilaci\u00f3n anticipada no voluntaria). Al cesar en el trabajo, se vuelve a cobrar el 100% de la pensi\u00f3n de origen revalorizada.<\/span><\/p>\n<p>[\/vc_column_text][\/vc_column][\/vc_row][vc_row full_width=\u00bbstretch_row\u00bb bg_type=\u00bbimage\u00bb bg_override=\u00bbfull\u00bb css=\u00bb.vc_custom_1704903641721{margin-bottom: 30px !important;background-color: #fff2ed !important;}\u00bb][vc_column][vc_row_inner css=\u00bb.vc_custom_1704899436080{margin-bottom: 30px !important;}\u00bb][vc_column_inner css=\u00bb.vc_custom_1704899344593{padding-right: 25px !important;padding-left: 30px !important;}\u00bb][vc_column_text css=\u00bb\u00bb]<\/p>\n<h3 class=\"form-control second-textarea\" style=\"text-align: center;\"><strong>\u00bfTienes dudas sobre la jubilaci\u00f3n flexible?<\/strong><\/h3>\n<p>[\/vc_column_text][vc_column_text][\/vc_column_text]\n<div class=\"wpcf7 no-js\" id=\"wpcf7-f4-o2\" lang=\"es-ES\" dir=\"ltr\" data-wpcf7-id=\"4\">\n<div class=\"screen-reader-response\"><p role=\"status\" aria-live=\"polite\" aria-atomic=\"true\"><\/p> <ul><\/ul><\/div>\n<form action=\"\/es\/wp-json\/wp\/v2\/posts\/103501#wpcf7-f4-o2\" method=\"post\" class=\"wpcf7-form init 98099fcddabd cmatic-conn cmatic-aud-0 cmatic-mapd0-0 cmatic-098109 cmatic-sent-0 cmatic-total-529\" aria-label=\"Formulario de contacto\" novalidate=\"novalidate\" data-status=\"init\">\n<fieldset class=\"hidden-fields-container\"><input type=\"hidden\" name=\"_wpcf7\" value=\"4\" \/><input type=\"hidden\" name=\"_wpcf7_version\" value=\"6.1.7\" \/><input type=\"hidden\" name=\"_wpcf7_locale\" value=\"es_ES\" \/><input type=\"hidden\" name=\"_wpcf7_unit_tag\" value=\"wpcf7-f4-o2\" \/><input type=\"hidden\" name=\"_wpcf7_container_post\" value=\"0\" \/><input type=\"hidden\" name=\"_wpcf7_posted_data_hash\" value=\"\" \/><input type=\"hidden\" name=\"_wpcf7_recaptcha_response\" value=\"\" \/>\n<\/fieldset>\n<p><label>Nombre*<br \/>\n<span class=\"wpcf7-form-control-wrap\" data-name=\"your-name\"><input size=\"40\" maxlength=\"400\" class=\"wpcf7-form-control wpcf7-text wpcf7-validates-as-required\" aria-required=\"true\" aria-invalid=\"false\" placeholder=\"Escribe tu nombre y apellidos\" value=\"\" type=\"text\" name=\"your-name\" \/><\/span><\/label>\n<\/p>\n<p><label>Email*<br \/>\n<span class=\"wpcf7-form-control-wrap\" data-name=\"your-email\"><input size=\"40\" maxlength=\"400\" class=\"wpcf7-form-control wpcf7-email wpcf7-validates-as-required wpcf7-text wpcf7-validates-as-email\" aria-required=\"true\" aria-invalid=\"false\" placeholder=\"Tu correo electr\u00f3nico\" value=\"\" type=\"email\" name=\"your-email\" \/><\/span><\/label>\n<\/p>\n<p><label>Tel\u00e9fono*<br \/>\n<span class=\"wpcf7-form-control-wrap\" data-name=\"llado-tel\"><input size=\"40\" maxlength=\"400\" class=\"wpcf7-form-control wpcf7-tel wpcf7-validates-as-required wpcf7-text wpcf7-validates-as-tel\" aria-required=\"true\" aria-invalid=\"false\" placeholder=\"Tu Tel\u00e9fono\" value=\"\" type=\"tel\" name=\"llado-tel\" \/><\/span><\/label>\n<\/p>\n<p><label>Mensaje<br \/>\n<span class=\"wpcf7-form-control-wrap\" data-name=\"llado-mensaje\"><textarea cols=\"40\" rows=\"5\" maxlength=\"2000\" class=\"wpcf7-form-control wpcf7-textarea wpcf7-validates-as-required\" aria-required=\"true\" aria-invalid=\"false\" placeholder=\"Motivo de la consulta\" name=\"llado-mensaje\"><\/textarea><\/span><\/label>\n<\/p>\n<p><span class=\"wpcf7-form-control-wrap\" data-name=\"acceptance-272\"><span class=\"wpcf7-form-control wpcf7-acceptance\"><span class=\"wpcf7-list-item\"><input type=\"checkbox\" name=\"acceptance-272\" value=\"1\" aria-invalid=\"false\" \/><\/span><\/span><\/span> He le\u00eddo y acepto la <a href=\"https:\/\/lladogrup.com\/es\/politica-de-privacidad\/\">Pol\u00edtica de Privacidad<\/a>\n<\/p>\n<p><span class=\"wpcf7-form-control-wrap\" data-name=\"acceptance-423\"><span class=\"wpcf7-form-control wpcf7-acceptance optional\"><span class=\"wpcf7-list-item\"><input type=\"checkbox\" name=\"acceptance-423\" value=\"1\" aria-invalid=\"false\" \/><\/span><\/span><\/span> Acepto recibir informaci\u00f3n sobre las actividades, servicios y productos de Llad\u00f3 Grup Consultor.\n<\/p>\n<p><span style=\"margin-top: 10px;\"><\/span>\n<\/p>\n\n<p><span style=\"margin-bottom: 10px;\"><\/span>\n<\/p>\n<p><input class=\"wpcf7-form-control wpcf7-submit has-spinner\" type=\"submit\" value=\"Enviar\" \/>\n<\/p><p style=\"display: none !important;\" class=\"akismet-fields-container\" data-prefix=\"_wpcf7_ak_\"><label>&#916;<textarea name=\"_wpcf7_ak_hp_textarea\" cols=\"45\" rows=\"8\" maxlength=\"100\"><\/textarea><\/label><input type=\"hidden\" id=\"ak_js_2\" name=\"_wpcf7_ak_js\" value=\"157\"\/><script>\ndocument.getElementById( \"ak_js_2\" ).setAttribute( \"value\", ( new Date() ).getTime() );\n<\/script>\n<\/p><div class=\"wpcf7-response-output\" aria-hidden=\"true\"><\/div>\n<\/form>\n<\/div>\n[\/vc_column_inner][\/vc_row_inner][\/vc_column][\/vc_row][vc_row css=\u00bb.vc_custom_1631109361052{padding-bottom: 20px !important;}\u00bb][vc_column]<div id=\"ultimate-heading-7846a9825f2ace6e\" class=\"uvc-heading ult-adjust-bottom-margin ultimate-heading-7846a9825f2ace6e uvc-7158 \" data-hspacer=\"no_spacer\"  data-halign=\"left\" style=\"text-align:left\"><div class=\"uvc-heading-spacer no_spacer\" style=\"top\"><\/div><div class=\"uvc-main-heading ult-responsive\"  data-ultimate-target='.uvc-heading.ultimate-heading-7846a9825f2ace6e h2'  data-responsive-json-new='{\"font-size\":\"desktop:24px;\",\"line-height\":\"\"}' ><h2 style=\"font-weight:bold;color:#fe5d3a;margin-bottom:20px;\">Ventajas estrat\u00e9gicas para las empresas<\/h2><\/div><\/div>[vc_column_text css=\u00bb\u00bb]<\/p>\n<p style=\"text-align: justify;\"><span style=\"font-weight: 400;\">Para las empresas, la nueva jubilaci\u00f3n flexible<\/span> <span style=\"font-weight: 400;\">representa un<\/span><b> instrumento eficaz para estructurar planes de relevo generacional<\/b><span style=\"font-weight: 400;\">. Facilita retener la experiencia de consultores, t\u00e9cnicos especializados o perfiles directivos a tiempo parcial sin asumir la estructura de costes de una jornada completa, garantizando una transferencia progresiva de conocimientos.<\/span><\/p>\n<p>[\/vc_column_text][\/vc_column][\/vc_row][vc_row css=\u00bb.vc_custom_1631109361052{padding-bottom: 20px !important;}\u00bb][vc_column]<div id=\"ultimate-heading-99036a9825f2acef3\" class=\"uvc-heading ult-adjust-bottom-margin ultimate-heading-99036a9825f2acef3 uvc-3740 \" data-hspacer=\"no_spacer\"  data-halign=\"left\" style=\"text-align:left\"><div class=\"uvc-heading-spacer no_spacer\" style=\"top\"><\/div><div class=\"uvc-main-heading ult-responsive\"  data-ultimate-target='.uvc-heading.ultimate-heading-99036a9825f2acef3 h2'  data-responsive-json-new='{\"font-size\":\"desktop:24px;\",\"line-height\":\"\"}' ><h2 style=\"font-weight:bold;color:#fe5d3a;margin-bottom:20px;\">\u00bfC\u00f3mo podemos ayudarte desde Llad\u00f3 Grup Consultor?<\/h2><\/div><\/div>[vc_column_text css=\u00bb\u00bb]<\/p>\n<p style=\"text-align: justify;\"><span style=\"font-weight: 400;\">Determinar la conveniencia econ\u00f3mica de acogerse al RD 416\/2026 exige simular previamente el impacto en las retenciones del IRPF, el desglose neto de ingresos y el cumplimiento de las obligaciones de notificaci\u00f3n ante la Seguridad Social.<\/span><\/p>\n<p style=\"text-align: justify;\"><span style=\"font-weight: 400;\">Desde Llad\u00f3 Grup Consultor <\/span><b>especializados en asesoramiento para empresas, aut\u00f3nomos y particulares<\/b><span style=\"font-weight: 400;\">, estudiamos tu caso concreto para dise\u00f1ar la mejor estrategia laboral y legal. Ponte en contacto con nuestro equipo para recibir asesoramiento laboral.<\/span><\/p>\n<p>[\/vc_column_text][\/vc_column][\/vc_row]<\/p>\n<\/div>","protected":false},"excerpt":{"rendered":"<p>[vc_row css=\u00bb.vc_custom_1631109896967{padding-bottom: 20px !important;}\u00bb][vc_column][vc_column_text css=\u00bb\u00bb] El 28 de agosto de 2026 entr\u00f3 en vigor el Real Decreto 416\/2026, de 27 de mayo, que introduce importantes novedades en la jubilaci\u00f3n flexible. Una nueva regulaci\u00f3n que permitir\u00e1 a los pensionistas reincorporarse al mercado laboral con una jornada m\u00e1s amplia, compatibilizar el salario y la pensi\u00f3n en mejores&hellip;<\/p>\n","protected":false},"author":2,"featured_media":103503,"comment_status":"closed","ping_status":"closed","sticky":false,"template":"","format":"standard","meta":{"_joinchat":[],"footnotes":""},"categories":[614,613,626,617],"tags":[],"class_list":["post-103501","post","type-post","status-publish","format-standard","has-post-thumbnail","hentry","category-autonomos","category-clientes","category-laboral-es","category-pymes","category-614","category-613","category-626","category-617","description-off"],"yoast_head":"<!-- This site is optimized with the Yoast SEO plugin v28.2 - https:\/\/yoast.com\/product\/yoast-seo-wordpress\/ -->\n<title>Claves sobre la nueva jubilaci\u00f3n flexible -Llad\u00f3 Grup-<\/title>\n<meta name=\"description\" content=\"Desde Llad\u00f3 Grup Consultor, detallamos los aspectos claves sobre la nueva jubilaci\u00f3n flexible para empresas y aut\u00f3nomos. \u00a1Cons\u00faltanos!\" \/>\n<meta name=\"robots\" content=\"index, follow, max-snippet:-1, max-image-preview:large, max-video-preview:-1\" \/>\n<link rel=\"canonical\" href=\"https:\/\/lladogrup.com\/es\/claves-nueva-jubilacion-flexible\/\" \/>\n<meta property=\"og:locale\" content=\"es_ES\" \/>\n<meta property=\"og:type\" content=\"article\" \/>\n<meta property=\"og:title\" content=\"Claves sobre la nueva jubilaci\u00f3n flexible -Llad\u00f3 Grup-\" \/>\n<meta property=\"og:description\" content=\"Desde Llad\u00f3 Grup Consultor, detallamos los aspectos claves sobre la nueva jubilaci\u00f3n flexible para empresas y aut\u00f3nomos. \u00a1Cons\u00faltanos!\" \/>\n<meta property=\"og:url\" content=\"https:\/\/lladogrup.com\/es\/claves-nueva-jubilacion-flexible\/\" \/>\n<meta property=\"og:site_name\" content=\"Llad\u00f3 Grup\" \/>\n<meta property=\"article:published_time\" content=\"2026-09-02T10:54:37+00:00\" \/>\n<meta property=\"article:modified_time\" content=\"2026-09-02T10:58:08+00:00\" \/>\n<meta property=\"og:image\" content=\"https:\/\/lladogrup.com\/wp-content\/uploads\/2026\/09\/20260902-Claves_jubilacion_flexible-520x272-1.jpg\" \/>\n\t<meta property=\"og:image:width\" content=\"520\" \/>\n\t<meta property=\"og:image:height\" content=\"272\" \/>\n\t<meta property=\"og:image:type\" content=\"image\/jpeg\" \/>\n<meta name=\"author\" content=\"LladogrupSB\" \/>\n<meta name=\"twitter:card\" content=\"summary_large_image\" \/>\n<meta name=\"twitter:label1\" content=\"Escrito por\" \/>\n\t<meta name=\"twitter:data1\" content=\"LladogrupSB\" \/>\n\t<meta name=\"twitter:label2\" content=\"Tiempo de lectura\" \/>\n\t<meta name=\"twitter:data2\" content=\"5 minutos\" \/>\n<script type=\"application\/ld+json\" class=\"yoast-schema-graph\">{\"@context\":\"https:\\\/\\\/schema.org\",\"@graph\":[{\"@type\":\"Article\",\"@id\":\"https:\\\/\\\/lladogrup.com\\\/es\\\/claves-nueva-jubilacion-flexible\\\/#article\",\"isPartOf\":{\"@id\":\"https:\\\/\\\/lladogrup.com\\\/es\\\/claves-nueva-jubilacion-flexible\\\/\"},\"author\":{\"name\":\"LladogrupSB\",\"@id\":\"https:\\\/\\\/lladogrup.com\\\/#\\\/schema\\\/person\\\/fae891704510562cc35f2a910871bb7a\"},\"headline\":\"Claves sobre la nueva jubilaci\u00f3n flexible para empresas y aut\u00f3nomos\",\"datePublished\":\"2026-09-02T10:54:37+00:00\",\"dateModified\":\"2026-09-02T10:58:08+00:00\",\"mainEntityOfPage\":{\"@id\":\"https:\\\/\\\/lladogrup.com\\\/es\\\/claves-nueva-jubilacion-flexible\\\/\"},\"wordCount\":1245,\"image\":{\"@id\":\"https:\\\/\\\/lladogrup.com\\\/es\\\/claves-nueva-jubilacion-flexible\\\/#primaryimage\"},\"thumbnailUrl\":\"https:\\\/\\\/lladogrup.com\\\/wp-content\\\/uploads\\\/2026\\\/09\\\/20260902-Claves_jubilacion_flexible-520x272-1.jpg\",\"articleSection\":[\"Aut\u00f3nomos\",\"Clientes\",\"Laboral\",\"Pymes\"],\"inLanguage\":\"es\"},{\"@type\":\"WebPage\",\"@id\":\"https:\\\/\\\/lladogrup.com\\\/es\\\/claves-nueva-jubilacion-flexible\\\/\",\"url\":\"https:\\\/\\\/lladogrup.com\\\/es\\\/claves-nueva-jubilacion-flexible\\\/\",\"name\":\"Claves sobre la nueva jubilaci\u00f3n flexible -Llad\u00f3 Grup-\",\"isPartOf\":{\"@id\":\"https:\\\/\\\/lladogrup.com\\\/#website\"},\"primaryImageOfPage\":{\"@id\":\"https:\\\/\\\/lladogrup.com\\\/es\\\/claves-nueva-jubilacion-flexible\\\/#primaryimage\"},\"image\":{\"@id\":\"https:\\\/\\\/lladogrup.com\\\/es\\\/claves-nueva-jubilacion-flexible\\\/#primaryimage\"},\"thumbnailUrl\":\"https:\\\/\\\/lladogrup.com\\\/wp-content\\\/uploads\\\/2026\\\/09\\\/20260902-Claves_jubilacion_flexible-520x272-1.jpg\",\"datePublished\":\"2026-09-02T10:54:37+00:00\",\"dateModified\":\"2026-09-02T10:58:08+00:00\",\"author\":{\"@id\":\"https:\\\/\\\/lladogrup.com\\\/#\\\/schema\\\/person\\\/fae891704510562cc35f2a910871bb7a\"},\"description\":\"Desde Llad\u00f3 Grup Consultor, detallamos los aspectos claves sobre la nueva jubilaci\u00f3n flexible para empresas y aut\u00f3nomos. \u00a1Cons\u00faltanos!\",\"breadcrumb\":{\"@id\":\"https:\\\/\\\/lladogrup.com\\\/es\\\/claves-nueva-jubilacion-flexible\\\/#breadcrumb\"},\"inLanguage\":\"es\",\"potentialAction\":[{\"@type\":\"ReadAction\",\"target\":[\"https:\\\/\\\/lladogrup.com\\\/es\\\/claves-nueva-jubilacion-flexible\\\/\"]}]},{\"@type\":\"ImageObject\",\"inLanguage\":\"es\",\"@id\":\"https:\\\/\\\/lladogrup.com\\\/es\\\/claves-nueva-jubilacion-flexible\\\/#primaryimage\",\"url\":\"https:\\\/\\\/lladogrup.com\\\/wp-content\\\/uploads\\\/2026\\\/09\\\/20260902-Claves_jubilacion_flexible-520x272-1.jpg\",\"contentUrl\":\"https:\\\/\\\/lladogrup.com\\\/wp-content\\\/uploads\\\/2026\\\/09\\\/20260902-Claves_jubilacion_flexible-520x272-1.jpg\",\"width\":520,\"height\":272,\"caption\":\"Claves jubilacion flexible. Llado Grup\"},{\"@type\":\"BreadcrumbList\",\"@id\":\"https:\\\/\\\/lladogrup.com\\\/es\\\/claves-nueva-jubilacion-flexible\\\/#breadcrumb\",\"itemListElement\":[{\"@type\":\"ListItem\",\"position\":1,\"name\":\"Portada\",\"item\":\"https:\\\/\\\/lladogrup.com\\\/es\\\/\"},{\"@type\":\"ListItem\",\"position\":2,\"name\":\"Claves sobre la nueva jubilaci\u00f3n flexible para empresas y aut\u00f3nomos\"}]},{\"@type\":\"WebSite\",\"@id\":\"https:\\\/\\\/lladogrup.com\\\/#website\",\"url\":\"https:\\\/\\\/lladogrup.com\\\/\",\"name\":\"Llad\u00f3 Grup\",\"description\":\"Consultoria i gestoria\",\"potentialAction\":[{\"@type\":\"SearchAction\",\"target\":{\"@type\":\"EntryPoint\",\"urlTemplate\":\"https:\\\/\\\/lladogrup.com\\\/?s={search_term_string}\"},\"query-input\":{\"@type\":\"PropertyValueSpecification\",\"valueRequired\":true,\"valueName\":\"search_term_string\"}}],\"inLanguage\":\"es\"},{\"@type\":\"Person\",\"@id\":\"https:\\\/\\\/lladogrup.com\\\/#\\\/schema\\\/person\\\/fae891704510562cc35f2a910871bb7a\",\"name\":\"LladogrupSB\",\"image\":{\"@type\":\"ImageObject\",\"inLanguage\":\"es\",\"@id\":\"https:\\\/\\\/secure.gravatar.com\\\/avatar\\\/e8dab0ac617b31013790aba77d3585a0fc0040d861b8f20b54660334fea26d66?s=96&d=mm&r=g\",\"url\":\"https:\\\/\\\/secure.gravatar.com\\\/avatar\\\/e8dab0ac617b31013790aba77d3585a0fc0040d861b8f20b54660334fea26d66?s=96&d=mm&r=g\",\"contentUrl\":\"https:\\\/\\\/secure.gravatar.com\\\/avatar\\\/e8dab0ac617b31013790aba77d3585a0fc0040d861b8f20b54660334fea26d66?s=96&d=mm&r=g\",\"caption\":\"LladogrupSB\"}}]}<\/script>\n<!-- \/ Yoast SEO plugin. -->","yoast_head_json":{"title":"Claves sobre la nueva jubilaci\u00f3n flexible -Llad\u00f3 Grup-","description":"Desde Llad\u00f3 Grup Consultor, detallamos los aspectos claves sobre la nueva jubilaci\u00f3n flexible para empresas y aut\u00f3nomos. \u00a1Cons\u00faltanos!","robots":{"index":"index","follow":"follow","max-snippet":"max-snippet:-1","max-image-preview":"max-image-preview:large","max-video-preview":"max-video-preview:-1"},"canonical":"https:\/\/lladogrup.com\/es\/claves-nueva-jubilacion-flexible\/","og_locale":"es_ES","og_type":"article","og_title":"Claves sobre la nueva jubilaci\u00f3n flexible -Llad\u00f3 Grup-","og_description":"Desde Llad\u00f3 Grup Consultor, detallamos los aspectos claves sobre la nueva jubilaci\u00f3n flexible para empresas y aut\u00f3nomos. \u00a1Cons\u00faltanos!","og_url":"https:\/\/lladogrup.com\/es\/claves-nueva-jubilacion-flexible\/","og_site_name":"Llad\u00f3 Grup","article_published_time":"2026-09-02T10:54:37+00:00","article_modified_time":"2026-09-02T10:58:08+00:00","og_image":[{"width":520,"height":272,"url":"https:\/\/lladogrup.com\/wp-content\/uploads\/2026\/09\/20260902-Claves_jubilacion_flexible-520x272-1.jpg","type":"image\/jpeg"}],"author":"LladogrupSB","twitter_card":"summary_large_image","twitter_misc":{"Escrito por":"LladogrupSB","Tiempo de lectura":"5 minutos"},"schema":{"@context":"https:\/\/schema.org","@graph":[{"@type":"Article","@id":"https:\/\/lladogrup.com\/es\/claves-nueva-jubilacion-flexible\/#article","isPartOf":{"@id":"https:\/\/lladogrup.com\/es\/claves-nueva-jubilacion-flexible\/"},"author":{"name":"LladogrupSB","@id":"https:\/\/lladogrup.com\/#\/schema\/person\/fae891704510562cc35f2a910871bb7a"},"headline":"Claves sobre la nueva jubilaci\u00f3n flexible para empresas y aut\u00f3nomos","datePublished":"2026-09-02T10:54:37+00:00","dateModified":"2026-09-02T10:58:08+00:00","mainEntityOfPage":{"@id":"https:\/\/lladogrup.com\/es\/claves-nueva-jubilacion-flexible\/"},"wordCount":1245,"image":{"@id":"https:\/\/lladogrup.com\/es\/claves-nueva-jubilacion-flexible\/#primaryimage"},"thumbnailUrl":"https:\/\/lladogrup.com\/wp-content\/uploads\/2026\/09\/20260902-Claves_jubilacion_flexible-520x272-1.jpg","articleSection":["Aut\u00f3nomos","Clientes","Laboral","Pymes"],"inLanguage":"es"},{"@type":"WebPage","@id":"https:\/\/lladogrup.com\/es\/claves-nueva-jubilacion-flexible\/","url":"https:\/\/lladogrup.com\/es\/claves-nueva-jubilacion-flexible\/","name":"Claves sobre la nueva jubilaci\u00f3n flexible -Llad\u00f3 Grup-","isPartOf":{"@id":"https:\/\/lladogrup.com\/#website"},"primaryImageOfPage":{"@id":"https:\/\/lladogrup.com\/es\/claves-nueva-jubilacion-flexible\/#primaryimage"},"image":{"@id":"https:\/\/lladogrup.com\/es\/claves-nueva-jubilacion-flexible\/#primaryimage"},"thumbnailUrl":"https:\/\/lladogrup.com\/wp-content\/uploads\/2026\/09\/20260902-Claves_jubilacion_flexible-520x272-1.jpg","datePublished":"2026-09-02T10:54:37+00:00","dateModified":"2026-09-02T10:58:08+00:00","author":{"@id":"https:\/\/lladogrup.com\/#\/schema\/person\/fae891704510562cc35f2a910871bb7a"},"description":"Desde Llad\u00f3 Grup Consultor, detallamos los aspectos claves sobre la nueva jubilaci\u00f3n flexible para empresas y aut\u00f3nomos. \u00a1Cons\u00faltanos!","breadcrumb":{"@id":"https:\/\/lladogrup.com\/es\/claves-nueva-jubilacion-flexible\/#breadcrumb"},"inLanguage":"es","potentialAction":[{"@type":"ReadAction","target":["https:\/\/lladogrup.com\/es\/claves-nueva-jubilacion-flexible\/"]}]},{"@type":"ImageObject","inLanguage":"es","@id":"https:\/\/lladogrup.com\/es\/claves-nueva-jubilacion-flexible\/#primaryimage","url":"https:\/\/lladogrup.com\/wp-content\/uploads\/2026\/09\/20260902-Claves_jubilacion_flexible-520x272-1.jpg","contentUrl":"https:\/\/lladogrup.com\/wp-content\/uploads\/2026\/09\/20260902-Claves_jubilacion_flexible-520x272-1.jpg","width":520,"height":272,"caption":"Claves jubilacion flexible. Llado Grup"},{"@type":"BreadcrumbList","@id":"https:\/\/lladogrup.com\/es\/claves-nueva-jubilacion-flexible\/#breadcrumb","itemListElement":[{"@type":"ListItem","position":1,"name":"Portada","item":"https:\/\/lladogrup.com\/es\/"},{"@type":"ListItem","position":2,"name":"Claves sobre la nueva jubilaci\u00f3n flexible para empresas y aut\u00f3nomos"}]},{"@type":"WebSite","@id":"https:\/\/lladogrup.com\/#website","url":"https:\/\/lladogrup.com\/","name":"Llad\u00f3 Grup","description":"Consultoria i gestoria","potentialAction":[{"@type":"SearchAction","target":{"@type":"EntryPoint","urlTemplate":"https:\/\/lladogrup.com\/?s={search_term_string}"},"query-input":{"@type":"PropertyValueSpecification","valueRequired":true,"valueName":"search_term_string"}}],"inLanguage":"es"},{"@type":"Person","@id":"https:\/\/lladogrup.com\/#\/schema\/person\/fae891704510562cc35f2a910871bb7a","name":"LladogrupSB","image":{"@type":"ImageObject","inLanguage":"es","@id":"https:\/\/secure.gravatar.com\/avatar\/e8dab0ac617b31013790aba77d3585a0fc0040d861b8f20b54660334fea26d66?s=96&d=mm&r=g","url":"https:\/\/secure.gravatar.com\/avatar\/e8dab0ac617b31013790aba77d3585a0fc0040d861b8f20b54660334fea26d66?s=96&d=mm&r=g","contentUrl":"https:\/\/secure.gravatar.com\/avatar\/e8dab0ac617b31013790aba77d3585a0fc0040d861b8f20b54660334fea26d66?s=96&d=mm&r=g","caption":"LladogrupSB"}}]}},"_links":{"self":[{"href":"https:\/\/lladogrup.com\/es\/wp-json\/wp\/v2\/posts\/103501","targetHints":{"allow":["GET"]}}],"collection":[{"href":"https:\/\/lladogrup.com\/es\/wp-json\/wp\/v2\/posts"}],"about":[{"href":"https:\/\/lladogrup.com\/es\/wp-json\/wp\/v2\/types\/post"}],"author":[{"embeddable":true,"href":"https:\/\/lladogrup.com\/es\/wp-json\/wp\/v2\/users\/2"}],"replies":[{"embeddable":true,"href":"https:\/\/lladogrup.com\/es\/wp-json\/wp\/v2\/comments?post=103501"}],"version-history":[{"count":3,"href":"https:\/\/lladogrup.com\/es\/wp-json\/wp\/v2\/posts\/103501\/revisions"}],"predecessor-version":[{"id":103511,"href":"https:\/\/lladogrup.com\/es\/wp-json\/wp\/v2\/posts\/103501\/revisions\/103511"}],"wp:featuredmedia":[{"embeddable":true,"href":"https:\/\/lladogrup.com\/es\/wp-json\/wp\/v2\/media\/103503"}],"wp:attachment":[{"href":"https:\/\/lladogrup.com\/es\/wp-json\/wp\/v2\/media?parent=103501"}],"wp:term":[{"taxonomy":"category","embeddable":true,"href":"https:\/\/lladogrup.com\/es\/wp-json\/wp\/v2\/categories?post=103501"},{"taxonomy":"post_tag","embeddable":true,"href":"https:\/\/lladogrup.com\/es\/wp-json\/wp\/v2\/tags?post=103501"}],"curies":[{"name":"wp","href":"https:\/\/api.w.org\/{rel}","templated":true}]}}