{"id":103489,"date":"2026-09-02T12:59:02","date_gmt":"2026-09-02T10:59:02","guid":{"rendered":"https:\/\/lladogrup.com\/?p=103489"},"modified":"2026-09-02T12:59:02","modified_gmt":"2026-09-02T10:59:02","slug":"que-auditar-empresa-antes-cerrar-ano","status":"publish","type":"post","link":"https:\/\/lladogrup.com\/es\/que-auditar-empresa-antes-cerrar-ano\/","title":{"rendered":"Gu\u00eda de revisi\u00f3n para septiembre: Qu\u00e9 debes auditar en tu empresa antes de cerrar el a\u00f1o"},"content":{"rendered":"<div class=\"wpb-content-wrapper\"><p>[vc_row css=\u00bb.vc_custom_1631109896967{padding-bottom: 20px !important;}\u00bb][vc_column][vc_column_text css=\u00bb\u00bb]<\/p>\n<p style=\"text-align: justify;\"><b>El mes de septiembre marca el inicio del \u00faltimo cuatrimestre del ejercicio econ\u00f3mico. Para las pymes y empresas familiares, la vuelta del periodo vacacional no solo implica retomar la actividad comercial, sino tambi\u00e9n preparar el terreno para un cierre de a\u00f1o sin imprevistos financieros ni contingencias legales.<\/b><\/p>\n<p style=\"text-align: justify;\"><span style=\"font-weight: 400;\">Anticiparse a los cierres contables de diciembre durante el mes de septiembre permite identificar desviaciones tributarias a tiempo, aplicar deducciones fiscales pendientes y actualizar protocolos de cumplimiento normativo obligatorios.<\/span><\/p>\n<p>[\/vc_column_text][\/vc_column][\/vc_row][vc_row css=\u00bb.vc_custom_1631109896967{padding-bottom: 20px !important;}\u00bb][vc_column][vc_btn title=\u00bbConsultor\u00eda para empresas\u00bb shape=\u00bbround\u00bb color=\u00bbdanger\u00bb size=\u00bblg\u00bb align=\u00bbcenter\u00bb i_icon_fontawesome=\u00bbfa fa-solid fa-computer-mouse\u00bb css=\u00bb.vc_custom_1788342922758{margin-bottom: 40px !important;padding-top: 20px !important;}\u00bb add_icon=\u00bbtrue\u00bb link=\u00bburl:https%3A%2F%2Flladogrup.com%2Fes%2Fconsultoria%2F|target:_blank\u00bb][\/vc_column][\/vc_row][vc_row css=\u00bb.vc_custom_1631109361052{padding-bottom: 20px !important;}\u00bb][vc_column]<div id=\"ultimate-heading-80666a98272a6d309\" class=\"uvc-heading ult-adjust-bottom-margin ultimate-heading-80666a98272a6d309 uvc-302 \" data-hspacer=\"no_spacer\"  data-halign=\"left\" style=\"text-align:left\"><div class=\"uvc-heading-spacer no_spacer\" style=\"top\"><\/div><div class=\"uvc-main-heading ult-responsive\"  data-ultimate-target='.uvc-heading.ultimate-heading-80666a98272a6d309 h2'  data-responsive-json-new='{\"font-size\":\"desktop:24px;\",\"line-height\":\"\"}' ><h2 style=\"font-weight:bold;color:#fe5d3a;margin-bottom:20px;\">1. Revisi\u00f3n legal y corporativa: blindaje de la pyme<\/h2><\/div><\/div>[vc_column_text css=\u00bb\u00bb]<\/p>\n<p style=\"text-align: justify;\"><span style=\"font-weight: 400;\">La estabilidad societaria de una empresa depende del rigor en sus acuerdos internos y la adecuaci\u00f3n a las novedades normativas vigentes.<\/span><\/p>\n<ul style=\"text-align: justify;\">\n<li style=\"font-weight: 400;\" aria-level=\"1\"><b>Actualizaci\u00f3n del pacto de socios<\/b><span style=\"font-weight: 400;\">: En empresas con varios socios o en fase de crecimiento, es imprescindible revisar si las cl\u00e1usulas de arrastre (<\/span><i><span style=\"font-weight: 400;\">drag-along<\/span><\/i><span style=\"font-weight: 400;\">), acompa\u00f1amiento (<\/span><i><span style=\"font-weight: 400;\">tag-along<\/span><\/i><span style=\"font-weight: 400;\">) o las mayor\u00edas reforzadas siguen alineadas con la realidad de la pyme.\u00a0<\/span><\/li>\n<\/ul>\n<p style=\"text-align: justify; padding-left: 40px;\"><span style=\"font-weight: 400;\">Recuerda nuestro art\u00edculo sobre <\/span><a href=\"https:\/\/lladogrup.com\/es\/cuando-porque-firmar-pacto-socios\/\"><span style=\"font-weight: 400;\">\u00bfCu\u00e1ndo y por qu\u00e9 debes firmar un Pacto de Socios?<\/span><\/a><span style=\"font-weight: 400;\">.<\/span><\/p>\n<ul style=\"text-align: justify;\">\n<li style=\"font-weight: 400;\" aria-level=\"1\"><b>Poderes y \u00f3rganos de administraci\u00f3n<\/b><span style=\"font-weight: 400;\">: Verificar la vigencia de los poderes otorgados a directivos y la caducidad del cargo de administrador en el Registro Mercantil.<\/span><\/li>\n<\/ul>\n<p style=\"text-align: justify; padding-left: 40px;\"><span style=\"font-weight: 400;\">Recuerda nuestro art\u00edculo sobre <\/span><a href=\"https:\/\/lladogrup.com\/es\/cuales-son-las-responsabilidades-de-los-administradores\/\"><span style=\"font-weight: 400;\">\u00bfCu\u00e1les son las responsabilidades de los administradores?<\/span><\/a><\/p>\n<ul>\n<li style=\"font-weight: 400; text-align: justify;\" aria-level=\"1\"><b>Contratos clave con proveedores y clientes<\/b><span style=\"font-weight: 400;\">: Revisar cl\u00e1usulas de revisi\u00f3n de precios, penalizaciones por incumplimiento y condiciones de rescisi\u00f3n de cara al nuevo ejercicio.<\/span><\/li>\n<\/ul>\n<p>[\/vc_column_text][\/vc_column][\/vc_row][vc_row css=\u00bb.vc_custom_1631109361052{padding-bottom: 20px !important;}\u00bb][vc_column]<div id=\"ultimate-heading-82956a98272a6d3af\" class=\"uvc-heading ult-adjust-bottom-margin ultimate-heading-82956a98272a6d3af uvc-4151 \" data-hspacer=\"no_spacer\"  data-halign=\"left\" style=\"text-align:left\"><div class=\"uvc-heading-spacer no_spacer\" style=\"top\"><\/div><div class=\"uvc-main-heading ult-responsive\"  data-ultimate-target='.uvc-heading.ultimate-heading-82956a98272a6d3af h2'  data-responsive-json-new='{\"font-size\":\"desktop:24px;\",\"line-height\":\"\"}' ><h2 style=\"font-weight:bold;color:#fe5d3a;margin-bottom:20px;\">2. Auditor\u00eda fiscal y contable: optimiza tu tesorer\u00eda antes de finalizar el cuarto trimestre<\/h2><\/div><\/div>[vc_column_text css=\u00bb\u00bb]<\/p>\n<p style=\"text-align: justify;\"><span style=\"font-weight: 400;\">El primer paso de la revisi\u00f3n de septiembre consiste en analizar la salud tributaria de la compa\u00f1\u00eda. Repasar los \u00e1mbitos fiscales clave a revisar como son:<\/span><\/p>\n<ul style=\"text-align: justify;\">\n<li style=\"font-weight: 400;\" aria-level=\"1\"><b>Previsi\u00f3n del pago fraccionado del Impuesto sobre Sociedades <\/b><span style=\"font-weight: 400;\">(Modelo 202): Analizar la evoluci\u00f3n de los ingresos en el tercer trimestre permite elegir la modalidad de c\u00e1lculo m\u00e1s ventajosa antes del vencimiento de octubre.<\/span><\/li>\n<\/ul>\n<p style=\"text-align: justify; padding-left: 40px;\"><span style=\"font-weight: 400;\">Recuerda nuestro art\u00edculo sobre <\/span><a href=\"https:\/\/lladogrup.com\/es\/novedades-impuesto-sobre-sociedades-2026-para-pymes\/\"><span style=\"font-weight: 400;\">Novedades en el Impuesto sobre Sociedades 202 para\u00a0 Pymes<\/span><\/a><span style=\"font-weight: 400;\">.<\/span><\/p>\n<ul style=\"text-align: justify;\">\n<li style=\"font-weight: 400;\" aria-level=\"1\"><b>Ajustes y deducciones fiscales no aplicadas<\/b><span style=\"font-weight: 400;\">: Comprobar la elegibilidad para la reserva de capitalizaci\u00f3n, reserva de nivelaci\u00f3n o deducciones por innovaci\u00f3n tecnol\u00f3gica y digitalizaci\u00f3n.<\/span><\/li>\n<\/ul>\n<ul style=\"text-align: justify;\">\n<li style=\"font-weight: 400;\" aria-level=\"1\"><b>Regularizaci\u00f3n de cuotas del RETA<\/b><span style=\"font-weight: 400;\">: Evaluar las bases de cotizaci\u00f3n de administradores y socios trabajadores seg\u00fan el rendimiento neto real proyectado para evitar ajustes posteriores de la Seguridad Social.<\/span><\/li>\n<\/ul>\n<p style=\"text-align: justify; padding-left: 40px;\"><span style=\"font-weight: 400;\">Recuerda nuestro art\u00edculo sobre <\/span><a href=\"https:\/\/lladogrup.com\/es\/plazos-modificar-base-cotizacion-autonomos\/\"><span style=\"font-weight: 400;\">Plazos para modificar la Base de Cotizaci\u00f3n de Aut\u00f3nomos<\/span><\/a><span style=\"font-weight: 400;\">.<\/span><\/p>\n<p>[\/vc_column_text][\/vc_column][\/vc_row][vc_row][vc_column width=\u00bb2\/3&#8243;][vc_single_image image=\u00bb103495&#8243; img_size=\u00bbfull\u00bb css=\u00bb\u00bb][\/vc_column][vc_column width=\u00bb1\/3&#8243;]<div id=\"ultimate-heading-28716a98272a6d419\" class=\"uvc-heading ult-adjust-bottom-margin ultimate-heading-28716a98272a6d419 uvc-5357  uvc-heading-default-font-sizes\" data-hspacer=\"no_spacer\"  data-halign=\"center\" style=\"text-align:center\"><div class=\"uvc-heading-spacer no_spacer\" style=\"top\"><\/div><div class=\"uvc-main-heading ult-responsive\"  data-ultimate-target='.uvc-heading.ultimate-heading-28716a98272a6d419 h4'  data-responsive-json-new='{\"font-size\":\"\",\"line-height\":\"\"}' ><h4 style=\"font-weight:bold;color:#fe5d3a;margin-top:20px;margin-bottom:30px;\">Subscr\u00edbete a la newsletter<\/h4><\/div><\/div>\n<div class=\"wpcf7 no-js\" id=\"wpcf7-f87567-o1\" lang=\"ca\" dir=\"ltr\" data-wpcf7-id=\"87567\">\n<div class=\"screen-reader-response\"><p role=\"status\" aria-live=\"polite\" aria-atomic=\"true\"><\/p> <ul><\/ul><\/div>\n<form action=\"\/es\/wp-json\/wp\/v2\/posts\/103489#wpcf7-f87567-o1\" method=\"post\" class=\"wpcf7-form init 98099fcddabd cmatic-conn cmatic-aud-0 cmatic-mapd0-0 cmatic-098109 cmatic-sent-0 cmatic-total-529\" aria-label=\"Formulari de contacte\" novalidate=\"novalidate\" data-status=\"init\">\n<fieldset class=\"hidden-fields-container\"><input type=\"hidden\" name=\"_wpcf7\" value=\"87567\" \/><input type=\"hidden\" name=\"_wpcf7_version\" value=\"6.1.7\" \/><input type=\"hidden\" name=\"_wpcf7_locale\" value=\"ca\" \/><input type=\"hidden\" name=\"_wpcf7_unit_tag\" value=\"wpcf7-f87567-o1\" \/><input type=\"hidden\" name=\"_wpcf7_container_post\" value=\"0\" \/><input type=\"hidden\" name=\"_wpcf7_posted_data_hash\" value=\"\" \/><input type=\"hidden\" name=\"_wpcf7_recaptcha_response\" value=\"\" \/>\n<\/fieldset>\n<p><label> El nombre*<br \/>\n<span class=\"wpcf7-form-control-wrap\" data-name=\"your-name\"><input size=\"40\" maxlength=\"400\" class=\"wpcf7-form-control wpcf7-text wpcf7-validates-as-required\" aria-required=\"true\" aria-invalid=\"false\" value=\"Escribe tu nombre\" type=\"text\" name=\"your-name\" \/><\/span> <\/label>\n<\/p>\n<p><label> El correo electr\u00f3nico*<br \/>\n<span class=\"wpcf7-form-control-wrap\" data-name=\"your-email\"><input size=\"40\" maxlength=\"400\" class=\"wpcf7-form-control wpcf7-email wpcf7-validates-as-required wpcf7-text wpcf7-validates-as-email\" aria-required=\"true\" aria-invalid=\"false\" value=\"Tu correo\" type=\"email\" name=\"your-email\" \/><\/span> <\/label>\n<\/p>\n<p><span class=\"wpcf7-form-control-wrap\" data-name=\"acceptance-133\"><span class=\"wpcf7-form-control wpcf7-acceptance\"><span class=\"wpcf7-list-item\"><input type=\"checkbox\" name=\"acceptance-133\" value=\"1\" aria-invalid=\"false\" \/><\/span><\/span><\/span> Acepto la <a href=\"https:\/\/lladogrup.com\/es\/politica-de-privacidad\/\">Pol\u00edtica de Privacidad<\/a>\n<\/p>\n<p><span class=\"wpcf7-form-control-wrap\" data-name=\"acceptance-476\"><span class=\"wpcf7-form-control wpcf7-acceptance optional\"><span class=\"wpcf7-list-item\"><input type=\"checkbox\" name=\"acceptance-476\" value=\"1\" aria-invalid=\"false\" \/><\/span><\/span><\/span> Acepto recibir comunicaciones informativas y promocionales de Llad\u00f3 Grup Consultor.\n<\/p>\n<p><span style=\"margin-top: 10px;\"><\/span>\n<\/p>\n<p><span style=\"margin-bottom: 10px;\"><\/span>\n<\/p>\n<p><input class=\"wpcf7-form-control wpcf7-submit has-spinner\" type=\"submit\" value=\"Enviar\" \/>\n<\/p><p style=\"display: none !important;\" class=\"akismet-fields-container\" data-prefix=\"_wpcf7_ak_\"><label>&#916;<textarea name=\"_wpcf7_ak_hp_textarea\" cols=\"45\" rows=\"8\" maxlength=\"100\"><\/textarea><\/label><input type=\"hidden\" id=\"ak_js_1\" name=\"_wpcf7_ak_js\" value=\"2\"\/><script>\ndocument.getElementById( \"ak_js_1\" ).setAttribute( \"value\", ( new Date() ).getTime() );\n<\/script>\n<\/p><div class=\"wpcf7-response-output\" aria-hidden=\"true\"><\/div>\n<\/form>\n<\/div>\n[\/vc_column][\/vc_row][vc_row css=\u00bb.vc_custom_1631109361052{padding-bottom: 20px !important;}\u00bb][vc_column]<div id=\"ultimate-heading-27496a98272a742d7\" class=\"uvc-heading ult-adjust-bottom-margin ultimate-heading-27496a98272a742d7 uvc-1250 \" data-hspacer=\"no_spacer\"  data-halign=\"left\" style=\"text-align:left\"><div class=\"uvc-heading-spacer no_spacer\" style=\"top\"><\/div><div class=\"uvc-main-heading ult-responsive\"  data-ultimate-target='.uvc-heading.ultimate-heading-27496a98272a742d7 h2'  data-responsive-json-new='{\"font-size\":\"desktop:24px;\",\"line-height\":\"\"}' ><h2 style=\"font-weight:bold;color:#fe5d3a;margin-bottom:20px;\">3. Cumplimiento normativo y laboral (Compliance)<\/h2><\/div><\/div>[vc_column_text css=\u00bb\u00bb]<\/p>\n<p style=\"text-align: justify;\"><span style=\"font-weight: 400;\">Las inspecciones de trabajo y las exigencias en materia de igualdad y protecci\u00f3n de datos requieren una actualizaci\u00f3n constante dentro del entorno corporativo.<\/span><\/p>\n<table>\n<tbody>\n<tr>\n<td>\n<p style=\"text-align: center;\"><b>\u00c1mbito de cumplimiento<\/b><\/p>\n<\/td>\n<td style=\"text-align: center;\"><b>Obligaci\u00f3n legal<\/b><\/td>\n<td>\n<p style=\"text-align: center;\"><b>Aspecto a Auditar en Septiembre<\/b><\/p>\n<\/td>\n<\/tr>\n<tr>\n<td><span style=\"font-weight: 400;\">Igualdad<\/span><\/td>\n<td><span style=\"font-weight: 400;\">Registro Retributivo, Plan de Igualdad, Protocolo contra el acoso sexual y de g\u00e9nero.<\/span><\/td>\n<td><span style=\"font-weight: 400;\">Actualizaci\u00f3n de brechas salariales y vigencia del plan en pymes de m\u00e1s de 50 trabajadores.<\/span><\/td>\n<\/tr>\n<tr>\n<td><span style=\"font-weight: 400;\">Control de la Jornada<\/span><\/td>\n<td><span style=\"font-weight: 400;\">Registro Horario Digital.<\/span><\/td>\n<td><span style=\"font-weight: 400;\">Auditor\u00eda interna del sistema de fichaje para verificar la trazabilidad y ausencia de alteraciones.<\/span><\/td>\n<\/tr>\n<tr>\n<td><span style=\"font-weight: 400;\">Protecci\u00f3n de Datos<\/span><\/td>\n<td><span style=\"font-weight: 400;\">RGPD y LOPDGDD.<\/span><\/td>\n<td><span style=\"font-weight: 400;\">Revisi\u00f3n de contratos con encargados del tratamiento y consentimiento en bases de datos comerciales.<\/span><\/td>\n<\/tr>\n<\/tbody>\n<\/table>\n<p>[\/vc_column_text][\/vc_column][\/vc_row][vc_row full_width=\u00bbstretch_row\u00bb bg_type=\u00bbimage\u00bb bg_override=\u00bbfull\u00bb css=\u00bb.vc_custom_1704903641721{margin-bottom: 30px !important;background-color: #fff2ed !important;}\u00bb][vc_column][vc_row_inner css=\u00bb.vc_custom_1704899436080{margin-bottom: 30px !important;}\u00bb][vc_column_inner css=\u00bb.vc_custom_1704899344593{padding-right: 25px !important;padding-left: 30px !important;}\u00bb][vc_column_text css=\u00bb\u00bb]<\/p>\n<h3 class=\"form-control second-textarea\" style=\"text-align: center;\">\u00bfTienes dudas sobre las auditor\u00edas preventivas en la empresa?<\/h3>\n<p>[\/vc_column_text][vc_column_text][\/vc_column_text]\n<div class=\"wpcf7 no-js\" id=\"wpcf7-f4-o2\" lang=\"es-ES\" dir=\"ltr\" data-wpcf7-id=\"4\">\n<div class=\"screen-reader-response\"><p role=\"status\" aria-live=\"polite\" aria-atomic=\"true\"><\/p> <ul><\/ul><\/div>\n<form action=\"\/es\/wp-json\/wp\/v2\/posts\/103489#wpcf7-f4-o2\" method=\"post\" class=\"wpcf7-form init 98099fcddabd cmatic-conn cmatic-aud-0 cmatic-mapd0-0 cmatic-098109 cmatic-sent-0 cmatic-total-529\" aria-label=\"Formulario de contacto\" novalidate=\"novalidate\" data-status=\"init\">\n<fieldset class=\"hidden-fields-container\"><input type=\"hidden\" name=\"_wpcf7\" value=\"4\" \/><input type=\"hidden\" name=\"_wpcf7_version\" value=\"6.1.7\" \/><input type=\"hidden\" name=\"_wpcf7_locale\" value=\"es_ES\" \/><input type=\"hidden\" name=\"_wpcf7_unit_tag\" value=\"wpcf7-f4-o2\" \/><input type=\"hidden\" name=\"_wpcf7_container_post\" value=\"0\" \/><input type=\"hidden\" name=\"_wpcf7_posted_data_hash\" value=\"\" \/><input type=\"hidden\" name=\"_wpcf7_recaptcha_response\" value=\"\" \/>\n<\/fieldset>\n<p><label>Nombre*<br \/>\n<span class=\"wpcf7-form-control-wrap\" data-name=\"your-name\"><input size=\"40\" maxlength=\"400\" class=\"wpcf7-form-control wpcf7-text wpcf7-validates-as-required\" aria-required=\"true\" aria-invalid=\"false\" placeholder=\"Escribe tu nombre y apellidos\" value=\"\" type=\"text\" name=\"your-name\" \/><\/span><\/label>\n<\/p>\n<p><label>Email*<br \/>\n<span class=\"wpcf7-form-control-wrap\" data-name=\"your-email\"><input size=\"40\" maxlength=\"400\" class=\"wpcf7-form-control wpcf7-email wpcf7-validates-as-required wpcf7-text wpcf7-validates-as-email\" aria-required=\"true\" aria-invalid=\"false\" placeholder=\"Tu correo electr\u00f3nico\" value=\"\" type=\"email\" name=\"your-email\" \/><\/span><\/label>\n<\/p>\n<p><label>Tel\u00e9fono*<br \/>\n<span class=\"wpcf7-form-control-wrap\" data-name=\"llado-tel\"><input size=\"40\" maxlength=\"400\" class=\"wpcf7-form-control wpcf7-tel wpcf7-validates-as-required wpcf7-text wpcf7-validates-as-tel\" aria-required=\"true\" aria-invalid=\"false\" placeholder=\"Tu Tel\u00e9fono\" value=\"\" type=\"tel\" name=\"llado-tel\" \/><\/span><\/label>\n<\/p>\n<p><label>Mensaje<br \/>\n<span class=\"wpcf7-form-control-wrap\" data-name=\"llado-mensaje\"><textarea cols=\"40\" rows=\"5\" maxlength=\"2000\" class=\"wpcf7-form-control wpcf7-textarea wpcf7-validates-as-required\" aria-required=\"true\" aria-invalid=\"false\" placeholder=\"Motivo de la consulta\" name=\"llado-mensaje\"><\/textarea><\/span><\/label>\n<\/p>\n<p><span class=\"wpcf7-form-control-wrap\" data-name=\"acceptance-272\"><span class=\"wpcf7-form-control wpcf7-acceptance\"><span class=\"wpcf7-list-item\"><input type=\"checkbox\" name=\"acceptance-272\" value=\"1\" aria-invalid=\"false\" \/><\/span><\/span><\/span> He le\u00eddo y acepto la <a href=\"https:\/\/lladogrup.com\/es\/politica-de-privacidad\/\">Pol\u00edtica de Privacidad<\/a>\n<\/p>\n<p><span class=\"wpcf7-form-control-wrap\" data-name=\"acceptance-423\"><span class=\"wpcf7-form-control wpcf7-acceptance optional\"><span class=\"wpcf7-list-item\"><input type=\"checkbox\" name=\"acceptance-423\" value=\"1\" aria-invalid=\"false\" \/><\/span><\/span><\/span> Acepto recibir informaci\u00f3n sobre las actividades, servicios y productos de Llad\u00f3 Grup Consultor.\n<\/p>\n<p><span style=\"margin-top: 10px;\"><\/span>\n<\/p>\n\n<p><span style=\"margin-bottom: 10px;\"><\/span>\n<\/p>\n<p><input class=\"wpcf7-form-control wpcf7-submit has-spinner\" type=\"submit\" value=\"Enviar\" \/>\n<\/p><p style=\"display: none !important;\" class=\"akismet-fields-container\" data-prefix=\"_wpcf7_ak_\"><label>&#916;<textarea name=\"_wpcf7_ak_hp_textarea\" cols=\"45\" rows=\"8\" maxlength=\"100\"><\/textarea><\/label><input type=\"hidden\" id=\"ak_js_2\" name=\"_wpcf7_ak_js\" value=\"110\"\/><script>\ndocument.getElementById( \"ak_js_2\" ).setAttribute( \"value\", ( new Date() ).getTime() );\n<\/script>\n<\/p><div class=\"wpcf7-response-output\" aria-hidden=\"true\"><\/div>\n<\/form>\n<\/div>\n[\/vc_column_inner][\/vc_row_inner][\/vc_column][\/vc_row][vc_row css=\u00bb.vc_custom_1631109361052{padding-bottom: 20px !important;}\u00bb][vc_column]<div id=\"ultimate-heading-22066a98272a76517\" class=\"uvc-heading ult-adjust-bottom-margin ultimate-heading-22066a98272a76517 uvc-6846 \" data-hspacer=\"no_spacer\"  data-halign=\"left\" style=\"text-align:left\"><div class=\"uvc-heading-spacer no_spacer\" style=\"top\"><\/div><div class=\"uvc-main-heading ult-responsive\"  data-ultimate-target='.uvc-heading.ultimate-heading-22066a98272a76517 h2'  data-responsive-json-new='{\"font-size\":\"desktop:24px;\",\"line-height\":\"\"}' ><h2 style=\"font-weight:bold;color:#fe5d3a;margin-bottom:20px;\">Prepara el cierre de ejercicio con el acompa\u00f1amiento de Llad\u00f3 Grup Consultor<\/h2><\/div><\/div>[vc_column_text css=\u00bb\u00bb]<\/p>\n<p style=\"text-align: justify;\"><span style=\"font-weight: 400;\">Realizar una <\/span><b>auditor\u00eda preventiva en septiembre <\/b><span style=\"font-weight: 400;\">transforma la gesti\u00f3n legal y fiscal en un elemento estrat\u00e9gico para la toma de decisiones. Contar con un <\/span><b>asesoramiento integral <\/b><span style=\"font-weight: 400;\">permite a los \u00f3rganos de administraci\u00f3n centrarse en la actividad de negocio con la certeza de cumplir con la legalidad.<\/span><\/p>\n<p style=\"text-align: justify;\"><span style=\"font-weight: 400;\">En <\/span><b>Llad\u00f3 Grup Consultor<\/b><span style=\"font-weight: 400;\"> ponemos a disposici\u00f3n de tu empresa un equipo multidisciplinar de <\/span><b>economistas<\/b><span style=\"font-weight: 400;\">, <\/span><b>abogados<\/b><span style=\"font-weight: 400;\"> y <\/span><b>asesores laborales <\/b><span style=\"font-weight: 400;\">para acompa\u00f1arte en la planificaci\u00f3n y preparaci\u00f3n del cierre de a\u00f1o.<\/span><\/p>\n<p>[\/vc_column_text][\/vc_column][\/vc_row]<\/p>\n<\/div>","protected":false},"excerpt":{"rendered":"<p>[vc_row css=\u00bb.vc_custom_1631109896967{padding-bottom: 20px !important;}\u00bb][vc_column][vc_column_text css=\u00bb\u00bb] El mes de septiembre marca el inicio del \u00faltimo cuatrimestre del ejercicio econ\u00f3mico. Para las pymes y empresas familiares, la vuelta del periodo vacacional no solo implica retomar la actividad comercial, sino tambi\u00e9n preparar el terreno para un cierre de a\u00f1o sin imprevistos financieros ni contingencias legales. Anticiparse a los&hellip;<\/p>\n","protected":false},"author":2,"featured_media":103491,"comment_status":"closed","ping_status":"closed","sticky":false,"template":"","format":"standard","meta":{"_joinchat":[],"footnotes":""},"categories":[614,613,622,623,626,2195,617],"tags":[],"class_list":["post-103489","post","type-post","status-publish","format-standard","has-post-thumbnail","hentry","category-autonomos","category-clientes","category-fiscal-es","category-juridico","category-laboral-es","category-patrimonial-es","category-pymes","category-614","category-613","category-622","category-623","category-626","category-2195","category-617","description-off"],"yoast_head":"<!-- This site is optimized with the Yoast SEO plugin v28.2 - https:\/\/yoast.com\/product\/yoast-seo-wordpress\/ -->\n<title>Qu\u00e9 auditar en la empresa antes de cerrar el a\u00f1o -Llad\u00f3 Grup-<\/title>\n<meta name=\"description\" content=\"\u00bfTienes dudas sobre que tienes que auditar en tu empresa antes de cerrar el a\u00f1o?Prep\u00e1ralo acompa\u00f1ado de un equipo especializado.\u00a1Cons\u00faltanos!\" \/>\n<meta name=\"robots\" content=\"index, follow, max-snippet:-1, max-image-preview:large, max-video-preview:-1\" \/>\n<link rel=\"canonical\" href=\"https:\/\/lladogrup.com\/es\/que-auditar-empresa-antes-cerrar-ano\/\" \/>\n<meta property=\"og:locale\" content=\"es_ES\" \/>\n<meta property=\"og:type\" content=\"article\" \/>\n<meta property=\"og:title\" content=\"Qu\u00e9 auditar en la empresa antes de cerrar el a\u00f1o -Llad\u00f3 Grup-\" \/>\n<meta property=\"og:description\" content=\"\u00bfTienes dudas sobre que tienes que auditar en tu empresa antes de cerrar el a\u00f1o?Prep\u00e1ralo acompa\u00f1ado de un equipo especializado.\u00a1Cons\u00faltanos!\" \/>\n<meta property=\"og:url\" content=\"https:\/\/lladogrup.com\/es\/que-auditar-empresa-antes-cerrar-ano\/\" \/>\n<meta property=\"og:site_name\" content=\"Llad\u00f3 Grup\" \/>\n<meta property=\"article:published_time\" content=\"2026-09-02T10:59:02+00:00\" \/>\n<meta property=\"og:image\" content=\"https:\/\/lladogrup.com\/wp-content\/uploads\/2026\/09\/20260902-Guia_auditar_septiembre_pyme-520x272-1.jpg\" \/>\n\t<meta property=\"og:image:width\" content=\"520\" \/>\n\t<meta property=\"og:image:height\" content=\"272\" \/>\n\t<meta property=\"og:image:type\" content=\"image\/jpeg\" \/>\n<meta name=\"author\" content=\"LladogrupSB\" \/>\n<meta name=\"twitter:card\" content=\"summary_large_image\" \/>\n<meta name=\"twitter:label1\" content=\"Escrito por\" \/>\n\t<meta name=\"twitter:data1\" content=\"LladogrupSB\" \/>\n\t<meta name=\"twitter:label2\" content=\"Tiempo de lectura\" \/>\n\t<meta name=\"twitter:data2\" content=\"4 minutos\" \/>\n<script type=\"application\/ld+json\" class=\"yoast-schema-graph\">{\"@context\":\"https:\\\/\\\/schema.org\",\"@graph\":[{\"@type\":\"Article\",\"@id\":\"https:\\\/\\\/lladogrup.com\\\/es\\\/que-auditar-empresa-antes-cerrar-ano\\\/#article\",\"isPartOf\":{\"@id\":\"https:\\\/\\\/lladogrup.com\\\/es\\\/que-auditar-empresa-antes-cerrar-ano\\\/\"},\"author\":{\"name\":\"LladogrupSB\",\"@id\":\"https:\\\/\\\/lladogrup.com\\\/#\\\/schema\\\/person\\\/fae891704510562cc35f2a910871bb7a\"},\"headline\":\"Gu\u00eda de revisi\u00f3n para septiembre: Qu\u00e9 debes auditar en tu empresa antes de cerrar el a\u00f1o\",\"datePublished\":\"2026-09-02T10:59:02+00:00\",\"mainEntityOfPage\":{\"@id\":\"https:\\\/\\\/lladogrup.com\\\/es\\\/que-auditar-empresa-antes-cerrar-ano\\\/\"},\"wordCount\":1076,\"image\":{\"@id\":\"https:\\\/\\\/lladogrup.com\\\/es\\\/que-auditar-empresa-antes-cerrar-ano\\\/#primaryimage\"},\"thumbnailUrl\":\"https:\\\/\\\/lladogrup.com\\\/wp-content\\\/uploads\\\/2026\\\/09\\\/20260902-Guia_auditar_septiembre_pyme-520x272-1.jpg\",\"articleSection\":[\"Aut\u00f3nomos\",\"Clientes\",\"Fiscal\",\"Jur\u00eddico\",\"Laboral\",\"Patrimonial\",\"Pymes\"],\"inLanguage\":\"es\"},{\"@type\":\"WebPage\",\"@id\":\"https:\\\/\\\/lladogrup.com\\\/es\\\/que-auditar-empresa-antes-cerrar-ano\\\/\",\"url\":\"https:\\\/\\\/lladogrup.com\\\/es\\\/que-auditar-empresa-antes-cerrar-ano\\\/\",\"name\":\"Qu\u00e9 auditar en la empresa antes de cerrar el a\u00f1o -Llad\u00f3 Grup-\",\"isPartOf\":{\"@id\":\"https:\\\/\\\/lladogrup.com\\\/#website\"},\"primaryImageOfPage\":{\"@id\":\"https:\\\/\\\/lladogrup.com\\\/es\\\/que-auditar-empresa-antes-cerrar-ano\\\/#primaryimage\"},\"image\":{\"@id\":\"https:\\\/\\\/lladogrup.com\\\/es\\\/que-auditar-empresa-antes-cerrar-ano\\\/#primaryimage\"},\"thumbnailUrl\":\"https:\\\/\\\/lladogrup.com\\\/wp-content\\\/uploads\\\/2026\\\/09\\\/20260902-Guia_auditar_septiembre_pyme-520x272-1.jpg\",\"datePublished\":\"2026-09-02T10:59:02+00:00\",\"author\":{\"@id\":\"https:\\\/\\\/lladogrup.com\\\/#\\\/schema\\\/person\\\/fae891704510562cc35f2a910871bb7a\"},\"description\":\"\u00bfTienes dudas sobre que tienes que auditar en tu empresa antes de cerrar el a\u00f1o?Prep\u00e1ralo acompa\u00f1ado de un equipo especializado.\u00a1Cons\u00faltanos!\",\"breadcrumb\":{\"@id\":\"https:\\\/\\\/lladogrup.com\\\/es\\\/que-auditar-empresa-antes-cerrar-ano\\\/#breadcrumb\"},\"inLanguage\":\"es\",\"potentialAction\":[{\"@type\":\"ReadAction\",\"target\":[\"https:\\\/\\\/lladogrup.com\\\/es\\\/que-auditar-empresa-antes-cerrar-ano\\\/\"]}]},{\"@type\":\"ImageObject\",\"inLanguage\":\"es\",\"@id\":\"https:\\\/\\\/lladogrup.com\\\/es\\\/que-auditar-empresa-antes-cerrar-ano\\\/#primaryimage\",\"url\":\"https:\\\/\\\/lladogrup.com\\\/wp-content\\\/uploads\\\/2026\\\/09\\\/20260902-Guia_auditar_septiembre_pyme-520x272-1.jpg\",\"contentUrl\":\"https:\\\/\\\/lladogrup.com\\\/wp-content\\\/uploads\\\/2026\\\/09\\\/20260902-Guia_auditar_septiembre_pyme-520x272-1.jpg\",\"width\":520,\"height\":272,\"caption\":\"Auditar empresa antes cierre ejercicio. Llado Grup\"},{\"@type\":\"BreadcrumbList\",\"@id\":\"https:\\\/\\\/lladogrup.com\\\/es\\\/que-auditar-empresa-antes-cerrar-ano\\\/#breadcrumb\",\"itemListElement\":[{\"@type\":\"ListItem\",\"position\":1,\"name\":\"Portada\",\"item\":\"https:\\\/\\\/lladogrup.com\\\/es\\\/\"},{\"@type\":\"ListItem\",\"position\":2,\"name\":\"Gu\u00eda de revisi\u00f3n para septiembre: Qu\u00e9 debes auditar en tu empresa antes de cerrar el a\u00f1o\"}]},{\"@type\":\"WebSite\",\"@id\":\"https:\\\/\\\/lladogrup.com\\\/#website\",\"url\":\"https:\\\/\\\/lladogrup.com\\\/\",\"name\":\"Llad\u00f3 Grup\",\"description\":\"Consultoria i gestoria\",\"potentialAction\":[{\"@type\":\"SearchAction\",\"target\":{\"@type\":\"EntryPoint\",\"urlTemplate\":\"https:\\\/\\\/lladogrup.com\\\/?s={search_term_string}\"},\"query-input\":{\"@type\":\"PropertyValueSpecification\",\"valueRequired\":true,\"valueName\":\"search_term_string\"}}],\"inLanguage\":\"es\"},{\"@type\":\"Person\",\"@id\":\"https:\\\/\\\/lladogrup.com\\\/#\\\/schema\\\/person\\\/fae891704510562cc35f2a910871bb7a\",\"name\":\"LladogrupSB\",\"image\":{\"@type\":\"ImageObject\",\"inLanguage\":\"es\",\"@id\":\"https:\\\/\\\/secure.gravatar.com\\\/avatar\\\/e8dab0ac617b31013790aba77d3585a0fc0040d861b8f20b54660334fea26d66?s=96&d=mm&r=g\",\"url\":\"https:\\\/\\\/secure.gravatar.com\\\/avatar\\\/e8dab0ac617b31013790aba77d3585a0fc0040d861b8f20b54660334fea26d66?s=96&d=mm&r=g\",\"contentUrl\":\"https:\\\/\\\/secure.gravatar.com\\\/avatar\\\/e8dab0ac617b31013790aba77d3585a0fc0040d861b8f20b54660334fea26d66?s=96&d=mm&r=g\",\"caption\":\"LladogrupSB\"}}]}<\/script>\n<!-- \/ Yoast SEO plugin. -->","yoast_head_json":{"title":"Qu\u00e9 auditar en la empresa antes de cerrar el a\u00f1o -Llad\u00f3 Grup-","description":"\u00bfTienes dudas sobre que tienes que auditar en tu empresa antes de cerrar el a\u00f1o?Prep\u00e1ralo acompa\u00f1ado de un equipo especializado.\u00a1Cons\u00faltanos!","robots":{"index":"index","follow":"follow","max-snippet":"max-snippet:-1","max-image-preview":"max-image-preview:large","max-video-preview":"max-video-preview:-1"},"canonical":"https:\/\/lladogrup.com\/es\/que-auditar-empresa-antes-cerrar-ano\/","og_locale":"es_ES","og_type":"article","og_title":"Qu\u00e9 auditar en la empresa antes de cerrar el a\u00f1o -Llad\u00f3 Grup-","og_description":"\u00bfTienes dudas sobre que tienes que auditar en tu empresa antes de cerrar el a\u00f1o?Prep\u00e1ralo acompa\u00f1ado de un equipo especializado.\u00a1Cons\u00faltanos!","og_url":"https:\/\/lladogrup.com\/es\/que-auditar-empresa-antes-cerrar-ano\/","og_site_name":"Llad\u00f3 Grup","article_published_time":"2026-09-02T10:59:02+00:00","og_image":[{"width":520,"height":272,"url":"https:\/\/lladogrup.com\/wp-content\/uploads\/2026\/09\/20260902-Guia_auditar_septiembre_pyme-520x272-1.jpg","type":"image\/jpeg"}],"author":"LladogrupSB","twitter_card":"summary_large_image","twitter_misc":{"Escrito por":"LladogrupSB","Tiempo de lectura":"4 minutos"},"schema":{"@context":"https:\/\/schema.org","@graph":[{"@type":"Article","@id":"https:\/\/lladogrup.com\/es\/que-auditar-empresa-antes-cerrar-ano\/#article","isPartOf":{"@id":"https:\/\/lladogrup.com\/es\/que-auditar-empresa-antes-cerrar-ano\/"},"author":{"name":"LladogrupSB","@id":"https:\/\/lladogrup.com\/#\/schema\/person\/fae891704510562cc35f2a910871bb7a"},"headline":"Gu\u00eda de revisi\u00f3n para septiembre: Qu\u00e9 debes auditar en tu empresa antes de cerrar el a\u00f1o","datePublished":"2026-09-02T10:59:02+00:00","mainEntityOfPage":{"@id":"https:\/\/lladogrup.com\/es\/que-auditar-empresa-antes-cerrar-ano\/"},"wordCount":1076,"image":{"@id":"https:\/\/lladogrup.com\/es\/que-auditar-empresa-antes-cerrar-ano\/#primaryimage"},"thumbnailUrl":"https:\/\/lladogrup.com\/wp-content\/uploads\/2026\/09\/20260902-Guia_auditar_septiembre_pyme-520x272-1.jpg","articleSection":["Aut\u00f3nomos","Clientes","Fiscal","Jur\u00eddico","Laboral","Patrimonial","Pymes"],"inLanguage":"es"},{"@type":"WebPage","@id":"https:\/\/lladogrup.com\/es\/que-auditar-empresa-antes-cerrar-ano\/","url":"https:\/\/lladogrup.com\/es\/que-auditar-empresa-antes-cerrar-ano\/","name":"Qu\u00e9 auditar en la empresa antes de cerrar el a\u00f1o -Llad\u00f3 Grup-","isPartOf":{"@id":"https:\/\/lladogrup.com\/#website"},"primaryImageOfPage":{"@id":"https:\/\/lladogrup.com\/es\/que-auditar-empresa-antes-cerrar-ano\/#primaryimage"},"image":{"@id":"https:\/\/lladogrup.com\/es\/que-auditar-empresa-antes-cerrar-ano\/#primaryimage"},"thumbnailUrl":"https:\/\/lladogrup.com\/wp-content\/uploads\/2026\/09\/20260902-Guia_auditar_septiembre_pyme-520x272-1.jpg","datePublished":"2026-09-02T10:59:02+00:00","author":{"@id":"https:\/\/lladogrup.com\/#\/schema\/person\/fae891704510562cc35f2a910871bb7a"},"description":"\u00bfTienes dudas sobre que tienes que auditar en tu empresa antes de cerrar el a\u00f1o?Prep\u00e1ralo acompa\u00f1ado de un equipo especializado.\u00a1Cons\u00faltanos!","breadcrumb":{"@id":"https:\/\/lladogrup.com\/es\/que-auditar-empresa-antes-cerrar-ano\/#breadcrumb"},"inLanguage":"es","potentialAction":[{"@type":"ReadAction","target":["https:\/\/lladogrup.com\/es\/que-auditar-empresa-antes-cerrar-ano\/"]}]},{"@type":"ImageObject","inLanguage":"es","@id":"https:\/\/lladogrup.com\/es\/que-auditar-empresa-antes-cerrar-ano\/#primaryimage","url":"https:\/\/lladogrup.com\/wp-content\/uploads\/2026\/09\/20260902-Guia_auditar_septiembre_pyme-520x272-1.jpg","contentUrl":"https:\/\/lladogrup.com\/wp-content\/uploads\/2026\/09\/20260902-Guia_auditar_septiembre_pyme-520x272-1.jpg","width":520,"height":272,"caption":"Auditar empresa antes cierre ejercicio. Llado Grup"},{"@type":"BreadcrumbList","@id":"https:\/\/lladogrup.com\/es\/que-auditar-empresa-antes-cerrar-ano\/#breadcrumb","itemListElement":[{"@type":"ListItem","position":1,"name":"Portada","item":"https:\/\/lladogrup.com\/es\/"},{"@type":"ListItem","position":2,"name":"Gu\u00eda de revisi\u00f3n para septiembre: Qu\u00e9 debes auditar en tu empresa antes de cerrar el a\u00f1o"}]},{"@type":"WebSite","@id":"https:\/\/lladogrup.com\/#website","url":"https:\/\/lladogrup.com\/","name":"Llad\u00f3 Grup","description":"Consultoria i gestoria","potentialAction":[{"@type":"SearchAction","target":{"@type":"EntryPoint","urlTemplate":"https:\/\/lladogrup.com\/?s={search_term_string}"},"query-input":{"@type":"PropertyValueSpecification","valueRequired":true,"valueName":"search_term_string"}}],"inLanguage":"es"},{"@type":"Person","@id":"https:\/\/lladogrup.com\/#\/schema\/person\/fae891704510562cc35f2a910871bb7a","name":"LladogrupSB","image":{"@type":"ImageObject","inLanguage":"es","@id":"https:\/\/secure.gravatar.com\/avatar\/e8dab0ac617b31013790aba77d3585a0fc0040d861b8f20b54660334fea26d66?s=96&d=mm&r=g","url":"https:\/\/secure.gravatar.com\/avatar\/e8dab0ac617b31013790aba77d3585a0fc0040d861b8f20b54660334fea26d66?s=96&d=mm&r=g","contentUrl":"https:\/\/secure.gravatar.com\/avatar\/e8dab0ac617b31013790aba77d3585a0fc0040d861b8f20b54660334fea26d66?s=96&d=mm&r=g","caption":"LladogrupSB"}}]}},"_links":{"self":[{"href":"https:\/\/lladogrup.com\/es\/wp-json\/wp\/v2\/posts\/103489","targetHints":{"allow":["GET"]}}],"collection":[{"href":"https:\/\/lladogrup.com\/es\/wp-json\/wp\/v2\/posts"}],"about":[{"href":"https:\/\/lladogrup.com\/es\/wp-json\/wp\/v2\/types\/post"}],"author":[{"embeddable":true,"href":"https:\/\/lladogrup.com\/es\/wp-json\/wp\/v2\/users\/2"}],"replies":[{"embeddable":true,"href":"https:\/\/lladogrup.com\/es\/wp-json\/wp\/v2\/comments?post=103489"}],"version-history":[{"count":3,"href":"https:\/\/lladogrup.com\/es\/wp-json\/wp\/v2\/posts\/103489\/revisions"}],"predecessor-version":[{"id":103499,"href":"https:\/\/lladogrup.com\/es\/wp-json\/wp\/v2\/posts\/103489\/revisions\/103499"}],"wp:featuredmedia":[{"embeddable":true,"href":"https:\/\/lladogrup.com\/es\/wp-json\/wp\/v2\/media\/103491"}],"wp:attachment":[{"href":"https:\/\/lladogrup.com\/es\/wp-json\/wp\/v2\/media?parent=103489"}],"wp:term":[{"taxonomy":"category","embeddable":true,"href":"https:\/\/lladogrup.com\/es\/wp-json\/wp\/v2\/categories?post=103489"},{"taxonomy":"post_tag","embeddable":true,"href":"https:\/\/lladogrup.com\/es\/wp-json\/wp\/v2\/tags?post=103489"}],"curies":[{"name":"wp","href":"https:\/\/api.w.org\/{rel}","templated":true}]}}